{"id":13370,"date":"2012-02-23T01:22:19","date_gmt":"2012-02-23T00:22:19","guid":{"rendered":"http:\/\/airtimers.com\/?p=13370"},"modified":"2012-02-23T09:30:01","modified_gmt":"2012-02-23T08:30:01","slug":"efteling-der-freizeitpark-feiert-sein-jubilaeum-mit-vielen-neuheiten","status":"publish","type":"post","link":"https:\/\/airtimers.com\/en\/efteling-der-freizeitpark-feiert-sein-jubilaeum-mit-vielen-neuheiten\/0013370\/","title":{"rendered":"Efteling \u2013 Der Freizeitpark feiert sein Jubil\u00e4um mit vielen Neuheiten!"},"content":{"rendered":"<p>Am 31. Mai 1952 \u00f6ffnete der M\u00e4rchenwald \u2013 Das Herz des Eftelings \u2013 in der niederl\u00e4ndischen Provinz Nordbrabant zum ersten Mal seine Tore und verbl\u00fcffte die Besucher mit zehn liebevoll gestalteten M\u00e4rchen-Interpretationen des K\u00fcnstlers Anton Pieck. Dieses Datum wird vom Park heute als das offizielle Gr\u00fcndungsdatum angesehen. Genau 60 Jahre sp\u00e4ter wird der Presse zum ersten Mal die Jubil\u00e4umsattraktion \u201eAquanura\u201c vorgef\u00fchrt. Einen Tag sp\u00e4ter \u2013 am 1. Juni &#8211; kann dann jeder Besucher die Wassershow bewundern. Das rund 17 Millionen Euro teure Spektakel aus dem Hause Water Entertainment Technologies (Kurz: WET), welches anstelle des Darkrides \u201eHartenhof\u201c die Jubil\u00e4umsattraktion 2012 sein wird (Hartenhof er\u00f6ffnet voraussichtlich 2015), steht bereits kurz vor seiner Fertigstellung.<\/p>\n<div id=\"attachment_13378\" style=\"width: 485px\" class=\"wp-caption aligncenter\"><a href=\"https:\/\/airtimers.com\/blog\/wp-content\/uploads\/2012\/02\/Efteling-Aquanura-Wassershow-2012.jpg\"><img loading=\"lazy\" decoding=\"async\" aria-describedby=\"caption-attachment-13378\" src=\"https:\/\/airtimers.com\/blog\/wp-content\/uploads\/2012\/02\/Efteling-Aquanura-Wassershow-2012-475x285.jpg\" alt=\"\" title=\"Efteling-Aquanura-Wassershow-2012\" width=\"475\" height=\"285\" class=\"size-Airtimers 475x285 wp-image-13378 colorbox-13370\" srcset=\"https:\/\/airtimers.com\/blog\/wp-content\/uploads\/2012\/02\/Efteling-Aquanura-Wassershow-2012-475x285.jpg 475w, https:\/\/airtimers.com\/blog\/wp-content\/uploads\/2012\/02\/Efteling-Aquanura-Wassershow-2012-300x180.jpg 300w, https:\/\/airtimers.com\/blog\/wp-content\/uploads\/2012\/02\/Efteling-Aquanura-Wassershow-2012-170x102.jpg 170w, https:\/\/airtimers.com\/blog\/wp-content\/uploads\/2012\/02\/Efteling-Aquanura-Wassershow-2012.jpg 640w\" sizes=\"auto, (max-width: 475px) 100vw, 475px\" \/><\/a><p id=\"caption-attachment-13378\" class=\"wp-caption-text\">Aquanura, wie k\u00f6nnte man ein Jubil\u00e4um sch\u00f6ner feiern - Anklicken zum Vergr\u00f6\u00dfern!<\/p><\/div>\n<p>Momentan wird der f\u00fcr die Bauarbeiten komplett leer gepumpte See wieder mit Wasser bef\u00fcllt und an der Technik der Fr\u00f6sche gefeilt, welche eine besondere Rolle bei Aquanura spielen werden. Denn in der farbenfrohen High-Tech Show dreht sich alles um das beliebte M\u00e4rchen des Froschk\u00f6nigs, welches auch schon seit Er\u00f6ffnung des M\u00e4rchenwaldes im Efteling zu finden ist. Au\u00dferdem er\u00f6ffnete vor kurzem das Pfannkuchen-Restaurant Polle\u2019s Keuken. Das Restaurant, welches Urspr\u00fcnglich zeitgleich mit dem Hartenhof er\u00f6ffnet werden sollte, bietet 20 verschiedene Pfannkuchen und diverse Desserts an. Polle\u2019s Keuken befindet sich momentan in einer Soft-Opening Phase, die offizielle Er\u00f6ffnung soll erst am Nationalen Pfannkuchentag der Niederlande am 30. M\u00e4rz stattfinden. <\/p>\n<div id=\"attachment_13372\" style=\"width: 485px\" class=\"wp-caption aligncenter\"><a href=\"https:\/\/airtimers.com\/blog\/wp-content\/uploads\/2012\/02\/Efteling-Aquanura-Froschkoenig.jpg\"><img loading=\"lazy\" decoding=\"async\" aria-describedby=\"caption-attachment-13372\" src=\"https:\/\/airtimers.com\/blog\/wp-content\/uploads\/2012\/02\/Efteling-Aquanura-Froschkoenig-475x285.jpg\" alt=\"\" title=\"Efteling-Aquanura-Froschkoenig\" width=\"475\" height=\"285\" class=\"size-Airtimers 475x285 wp-image-13372 colorbox-13370\" srcset=\"https:\/\/airtimers.com\/blog\/wp-content\/uploads\/2012\/02\/Efteling-Aquanura-Froschkoenig-475x285.jpg 475w, https:\/\/airtimers.com\/blog\/wp-content\/uploads\/2012\/02\/Efteling-Aquanura-Froschkoenig-300x180.jpg 300w, https:\/\/airtimers.com\/blog\/wp-content\/uploads\/2012\/02\/Efteling-Aquanura-Froschkoenig-170x102.jpg 170w, https:\/\/airtimers.com\/blog\/wp-content\/uploads\/2012\/02\/Efteling-Aquanura-Froschkoenig.jpg 640w\" sizes=\"auto, (max-width: 475px) 100vw, 475px\" \/><\/a><p id=\"caption-attachment-13372\" class=\"wp-caption-text\">Bart de Boer und Mark Fuller enth\u00fcllen den Froschk\u00f6nig - Anklicken zum Vergr\u00f6\u00dfern!<\/p><\/div>\n<p>Neben Aquanura gibt es 2012 aber noch eine weiter Jubil\u00e4umsattraktion. Im November wird das neuste M\u00e4rchen des Eftelings er\u00f6ffnet \u2013 Des Kaisers neue Kleider, welches 1837 vom d\u00e4nischen Schriftstellers Hans Christian Andersen geschrieben wurde. Leider gibt es bisher noch keine Baustellenfotos aus dem M\u00e4rchenwald. Die aus der Werkstatt Eftelings versprechen jedoch schon einiges! Aber der Freizeitpark baut nicht nur an neuen Attraktionen, sondern erneuert auch die \u00e4lteren. Am 11. Februar wurde die \u00fcberarbeitete Version des Darkrides \u201eCarnaval Festival\u201c er\u00f6ffnet. Das alte Maskottchen Loeki de Leeuw (Loeki der L\u00f6we) hat das Geb\u00e4ude verlassen, und Jokie, welcher bereits vor dem Einzug Loekis im Jahr 2005 das Maskottchen der Attraktion war, ist wieder eingezogen, allerdings wurden ganz neue Figuren angefertigt. <\/p>\n<div id=\"attachment_13373\" style=\"width: 485px\" class=\"wp-caption aligncenter\"><a href=\"https:\/\/airtimers.com\/blog\/wp-content\/uploads\/2012\/02\/Efteling-Maerchen-Kaiser-Neue-Kleider.jpg\"><img loading=\"lazy\" decoding=\"async\" aria-describedby=\"caption-attachment-13373\" src=\"https:\/\/airtimers.com\/blog\/wp-content\/uploads\/2012\/02\/Efteling-Maerchen-Kaiser-Neue-Kleider-475x285.jpg\" alt=\"\" title=\"Efteling-Maerchen-Kaiser-Neue-Kleider\" width=\"475\" height=\"285\" class=\"size-Airtimers 475x285 wp-image-13373 colorbox-13370\" srcset=\"https:\/\/airtimers.com\/blog\/wp-content\/uploads\/2012\/02\/Efteling-Maerchen-Kaiser-Neue-Kleider-475x285.jpg 475w, https:\/\/airtimers.com\/blog\/wp-content\/uploads\/2012\/02\/Efteling-Maerchen-Kaiser-Neue-Kleider-300x180.jpg 300w, https:\/\/airtimers.com\/blog\/wp-content\/uploads\/2012\/02\/Efteling-Maerchen-Kaiser-Neue-Kleider-170x102.jpg 170w, https:\/\/airtimers.com\/blog\/wp-content\/uploads\/2012\/02\/Efteling-Maerchen-Kaiser-Neue-Kleider.jpg 640w\" sizes=\"auto, (max-width: 475px) 100vw, 475px\" \/><\/a><p id=\"caption-attachment-13373\" class=\"wp-caption-text\"> Ein erster Blick auf des Kaisers neue Kleider - Anklicken zum Vergr\u00f6\u00dfern!<\/p><\/div>\n<p>Im umgebauten Souvenirshop \u201eJokie\u2019s Wereld\u201c (Jokies Welt) gibt es nun alles zu kaufen, was das Jokie Fan-Herz begehrt. Neben B\u00fcchern, Pl\u00fcschtieren und T-Shirts, gibt es auch DVD\u2019s der TV-Serie \u201eJokie\u201c zu kaufen, welche momentan im niederl\u00e4ndischen Fernsehen l\u00e4uft. Passend zur Wassershow \u201eAquanura\u201c wird \u00fcbrigens auch das Restaurant \u201eDe Steenbok\u201c umgestaltet, welches bisher, wie auch die Bobbaan, die Schweiz als Thema hatte. Und um den bunten Strauss an Neuheiten abzuschlie\u00dfen, hat sogar noch Python, die erste Achterbahn des Parks, neue Z\u00fcge des Herstellers Vekoma bekommen, welche die alten Z\u00fcge des Herstellers KumbaK ersetzen. Ihr seht schon, es tut sich was im zauberhaften Efteling!<\/p>\n<p><center><br \/>\n<iframe loading=\"lazy\" width=\"475\" height=\"271\" src=\"http:\/\/www.youtube.com\/embed\/0mfGLOdjt_c?rel=0\" frameborder=\"0\" allowfullscreen><\/iframe><br \/>\n<\/center><\/p>\n<p>Verfasst von unserem Foren-VIP Ren\u00e9<br \/>\nPictures &#038; Video: Copyright Efteling<\/p>\n<fb:like href='https:\/\/airtimers.com\/en\/efteling-der-freizeitpark-feiert-sein-jubilaeum-mit-vielen-neuheiten\/0013370\/' send='false' layout='standard' show_faces='true' width='450' height='65' action='like' colorscheme='light' font='lucida grande'><\/fb:like>","protected":false},"excerpt":{"rendered":"<p>Am 31. Mai 1952 \u00f6ffnete der M\u00e4rchenwald \u2013 Das Herz des Eftelings \u2013 in der niederl\u00e4ndischen Provinz Nordbrabant zum ersten Mal seine Tore und verbl\u00fcffte die Besucher mit zehn liebevoll gestalteten M\u00e4rchen-Interpretationen des K\u00fcnstlers Anton Pieck. Dieses Datum wird vom Park heute als das offizielle Gr\u00fcndungsdatum angesehen. Genau 60 Jahre sp\u00e4ter wird der Presse zum [&hellip;]<\/p>\n","protected":false},"author":7,"featured_media":13378,"comment_status":"open","ping_status":"closed","sticky":false,"template":"","format":"standard","meta":{"footnotes":""},"categories":[3],"tags":[200],"class_list":["post-13370","post","type-post","status-publish","format-standard","has-post-thumbnail","hentry","category-freizeitparks","tag-efteling"],"_links":{"self":[{"href":"https:\/\/airtimers.com\/en\/wp-json\/wp\/v2\/posts\/13370","targetHints":{"allow":["GET"]}}],"collection":[{"href":"https:\/\/airtimers.com\/en\/wp-json\/wp\/v2\/posts"}],"about":[{"href":"https:\/\/airtimers.com\/en\/wp-json\/wp\/v2\/types\/post"}],"author":[{"embeddable":true,"href":"https:\/\/airtimers.com\/en\/wp-json\/wp\/v2\/users\/7"}],"replies":[{"embeddable":true,"href":"https:\/\/airtimers.com\/en\/wp-json\/wp\/v2\/comments?post=13370"}],"version-history":[{"count":0,"href":"https:\/\/airtimers.com\/en\/wp-json\/wp\/v2\/posts\/13370\/revisions"}],"wp:featuredmedia":[{"embeddable":true,"href":"https:\/\/airtimers.com\/en\/wp-json\/wp\/v2\/media\/13378"}],"wp:attachment":[{"href":"https:\/\/airtimers.com\/en\/wp-json\/wp\/v2\/media?parent=13370"}],"wp:term":[{"taxonomy":"category","embeddable":true,"href":"https:\/\/airtimers.com\/en\/wp-json\/wp\/v2\/categories?post=13370"},{"taxonomy":"post_tag","embeddable":true,"href":"https:\/\/airtimers.com\/en\/wp-json\/wp\/v2\/tags?post=13370"}],"curies":[{"name":"wp","href":"https:\/\/api.w.org\/{rel}","templated":true}]}}