{"id":13384,"date":"2012-02-24T21:53:16","date_gmt":"2012-02-24T20:53:16","guid":{"rendered":"http:\/\/airtimers.com\/?p=13384"},"modified":"2012-02-24T21:53:16","modified_gmt":"2012-02-24T20:53:16","slug":"terra-mitica-der-spanische-freizeitpark-entlasst-215-mitarbeiter","status":"publish","type":"post","link":"https:\/\/airtimers.com\/en\/terra-mitica-der-spanische-freizeitpark-entlasst-215-mitarbeiter\/0013384\/","title":{"rendered":"Terra M\u00edtica \u2013 Der spanische Freizeitpark entl\u00e4sst 215 Mitarbeiter!"},"content":{"rendered":"<p>Wie eine Achterbahn, so k\u00f6nnte man die Geschichte des spanischen Freizeitparks Terra M\u00edtica bei Alicante am besten beschreiben. Nach der Er\u00f6ffnung im Jahre 2000 wurde die Mehrheit des Parks vom Betreiber \u201eParamount Parks\u201c aufgekauft. Von dem Namenszusatz \u201ea Paramount Park\u201c verabschiedete man sich allerdings schon 2004 nach Ablauf des Management Vertrags wieder. Seitdem steht der Park unter der Leitung der Region Valencia, welche den Park 2006 durch Grundst\u00fccksverk\u00e4ufe zum ersten Mal schuldenfrei machte. Nun die Schocknachricht: Der Park ist erneut insolvent!<\/p>\n<div id=\"attachment_13385\" style=\"width: 485px\" class=\"wp-caption aligncenter\"><img loading=\"lazy\" decoding=\"async\" aria-describedby=\"caption-attachment-13385\" src=\"https:\/\/airtimers.com\/blog\/wp-content\/uploads\/2012\/02\/Terra-Mitica-Spanien-Insolvenz-1.jpg\" alt=\"\" title=\"Terra-Mitica-Spanien-Insolvenz-1\" width=\"475\" height=\"285\" class=\"size-full wp-image-13385 colorbox-13384\" srcset=\"https:\/\/airtimers.com\/blog\/wp-content\/uploads\/2012\/02\/Terra-Mitica-Spanien-Insolvenz-1.jpg 475w, https:\/\/airtimers.com\/blog\/wp-content\/uploads\/2012\/02\/Terra-Mitica-Spanien-Insolvenz-1-300x180.jpg 300w, https:\/\/airtimers.com\/blog\/wp-content\/uploads\/2012\/02\/Terra-Mitica-Spanien-Insolvenz-1-170x102.jpg 170w\" sizes=\"auto, (max-width: 475px) 100vw, 475px\" \/><p id=\"caption-attachment-13385\" class=\"wp-caption-text\">Malerische Landschaften - daf\u00fcr steht Terra M\u00edtica!<\/p><\/div>\n<p>Eine erste Rettungsma\u00dfnahme wurde jedoch schon ergriffen: Ganze 215 von 386 Mitarbeitern wurden entlassen! Trotzdem m\u00f6chte man den Park auch in diesem Jahr mit allen Attraktionen \u00f6ffnen. Verst\u00e4ndlicherweise haben nur ca. 20 Mitarbeiter ihre K\u00fcndigung sofort akzeptiert. Die anderen suchen erst nach rechtlicher Beratung und demonstrieren derweil mit ihren Gewerkschaften vor dem Parkeingang f\u00fcr ihre Arbeitsrechte. Zus\u00e4tzlich stellt sich auch noch die Frage der Sicherheit. Denn ob es m\u00f6glich ist, die Qualit\u00e4t der Wartung der Fahrgesch\u00e4fte und der \u00dcberwachung der Menschenmengen im rund 40 Hektar gro\u00dfen Park mit nur 171 Mitarbeitern aufrecht zu erhalten, darf bezweifelt werden.<\/p>\n<div id=\"attachment_13395\" style=\"width: 485px\" class=\"wp-caption aligncenter\"><img loading=\"lazy\" decoding=\"async\" aria-describedby=\"caption-attachment-13395\" src=\"https:\/\/airtimers.com\/blog\/wp-content\/uploads\/2012\/02\/Terra-Mitica-Spanien-Insolvenz-2.jpg\" alt=\"\" title=\"Terra-Mitica-Spanien-Insolvenz-2\" width=\"475\" height=\"285\" class=\"size-full wp-image-13395 colorbox-13384\" srcset=\"https:\/\/airtimers.com\/blog\/wp-content\/uploads\/2012\/02\/Terra-Mitica-Spanien-Insolvenz-2.jpg 475w, https:\/\/airtimers.com\/blog\/wp-content\/uploads\/2012\/02\/Terra-Mitica-Spanien-Insolvenz-2-300x180.jpg 300w, https:\/\/airtimers.com\/blog\/wp-content\/uploads\/2012\/02\/Terra-Mitica-Spanien-Insolvenz-2-170x102.jpg 170w\" sizes=\"auto, (max-width: 475px) 100vw, 475px\" \/><p id=\"caption-attachment-13395\" class=\"wp-caption-text\">Beeindruckende Lage - leider nicht finanziell...<\/p><\/div>\n<p>Insgesamt w\u00e4re es doch wirklich sehr schade um den wundersch\u00f6n angelegten Park. Aber wenn man sich jedoch die bewegte Vergangenheit von Terra M\u00edtica anschaut, ist es wohl nur noch eine Frage der Zeit, bis der Freizeitpark seine Tore f\u00fcr immer schlie\u00dft. Wir w\u00fcnschen den Mitarbeitern alles Gute und hoffen das Beste!<\/p>\n<p>Pictures: Copyright Terra M\u00edtica<\/p>\n<fb:like href='https:\/\/airtimers.com\/en\/terra-mitica-der-spanische-freizeitpark-entlasst-215-mitarbeiter\/0013384\/' send='false' layout='standard' show_faces='true' width='450' height='65' action='like' colorscheme='light' font='lucida grande'><\/fb:like>","protected":false},"excerpt":{"rendered":"<p>Wie eine Achterbahn, so k\u00f6nnte man die Geschichte des spanischen Freizeitparks Terra M\u00edtica bei Alicante am besten beschreiben. Nach der Er\u00f6ffnung im Jahre 2000 wurde die Mehrheit des Parks vom Betreiber \u201eParamount Parks\u201c aufgekauft. Von dem Namenszusatz \u201ea Paramount Park\u201c verabschiedete man sich allerdings schon 2004 nach Ablauf des Management Vertrags wieder. Seitdem steht der [&hellip;]<\/p>\n","protected":false},"author":9,"featured_media":13385,"comment_status":"open","ping_status":"closed","sticky":false,"template":"","format":"standard","meta":{"footnotes":""},"categories":[3],"tags":[578],"class_list":["post-13384","post","type-post","status-publish","format-standard","has-post-thumbnail","hentry","category-freizeitparks","tag-terra-mitica"],"_links":{"self":[{"href":"https:\/\/airtimers.com\/en\/wp-json\/wp\/v2\/posts\/13384","targetHints":{"allow":["GET"]}}],"collection":[{"href":"https:\/\/airtimers.com\/en\/wp-json\/wp\/v2\/posts"}],"about":[{"href":"https:\/\/airtimers.com\/en\/wp-json\/wp\/v2\/types\/post"}],"author":[{"embeddable":true,"href":"https:\/\/airtimers.com\/en\/wp-json\/wp\/v2\/users\/9"}],"replies":[{"embeddable":true,"href":"https:\/\/airtimers.com\/en\/wp-json\/wp\/v2\/comments?post=13384"}],"version-history":[{"count":0,"href":"https:\/\/airtimers.com\/en\/wp-json\/wp\/v2\/posts\/13384\/revisions"}],"wp:featuredmedia":[{"embeddable":true,"href":"https:\/\/airtimers.com\/en\/wp-json\/wp\/v2\/media\/13385"}],"wp:attachment":[{"href":"https:\/\/airtimers.com\/en\/wp-json\/wp\/v2\/media?parent=13384"}],"wp:term":[{"taxonomy":"category","embeddable":true,"href":"https:\/\/airtimers.com\/en\/wp-json\/wp\/v2\/categories?post=13384"},{"taxonomy":"post_tag","embeddable":true,"href":"https:\/\/airtimers.com\/en\/wp-json\/wp\/v2\/tags?post=13384"}],"curies":[{"name":"wp","href":"https:\/\/api.w.org\/{rel}","templated":true}]}}