{"id":13400,"date":"2012-02-27T23:14:11","date_gmt":"2012-02-27T22:14:11","guid":{"rendered":"http:\/\/airtimers.com\/?p=13400"},"modified":"2012-02-27T23:47:57","modified_gmt":"2012-02-27T22:47:57","slug":"verbolten-tren-de-la-mina-zwei-achterbahnzuge-der-extraklasse","status":"publish","type":"post","link":"https:\/\/airtimers.com\/en\/verbolten-tren-de-la-mina-zwei-achterbahnzuge-der-extraklasse\/0013400\/","title":{"rendered":"Verbolten &#038; Tren de la Mina \u2013 Zwei Achterbahnz\u00fcge der Extraklasse"},"content":{"rendered":"<p>Erst vor kurzem haben wir bei unserem USA Update von einer baldigen Enth\u00fcllung der Verbolten Z\u00fcge in den Busch Gardens Europe erz\u00e4hlt. Nun ist es endlich so weit, ein erstes Bild kursiert durch das Internet. Dieses zeigt ein gelungenes an einen klassischen Porsche angelehntes Design, bei dem sogar auf Details wie ein fast original deutsches Nummernschild und silberne Au\u00dfenspiegel geachtet wurde. Nicht zu verachten ist hierbei, dass bei dem Nummernschild eine Anspielung auf den alten Platzherren &#8220;The Big Bad Wolf&#8221; gemacht wurde. Nachdem man ein deutsches Touristen-Center, welches als Eingang genutzt wird, passiert hat, wird man am Ende der Warteschlange in einem von f\u00fcnf unterschiedlichen Sportwagen Platz nehmen, die angeblich allesamt verschiedenen deutschen Autoklassikern der 70er Jahre nachempfunden sind.<\/p>\n<div id=\"attachment_13403\" style=\"width: 485px\" class=\"wp-caption aligncenter\"><img loading=\"lazy\" decoding=\"async\" aria-describedby=\"caption-attachment-13403\" src=\"https:\/\/airtimers.com\/blog\/wp-content\/uploads\/2012\/02\/Verbolten-Roller-Coaster-Train.jpg\" alt=\"\" title=\"Verbolten-Roller-Coaster-Train\" width=\"475\" height=\"285\" class=\"size-full wp-image-13403 colorbox-13400\" srcset=\"https:\/\/airtimers.com\/blog\/wp-content\/uploads\/2012\/02\/Verbolten-Roller-Coaster-Train.jpg 475w, https:\/\/airtimers.com\/blog\/wp-content\/uploads\/2012\/02\/Verbolten-Roller-Coaster-Train-300x180.jpg 300w, https:\/\/airtimers.com\/blog\/wp-content\/uploads\/2012\/02\/Verbolten-Roller-Coaster-Train-170x102.jpg 170w\" sizes=\"auto, (max-width: 475px) 100vw, 475px\" \/><p id=\"caption-attachment-13403\" class=\"wp-caption-text\">Verbolten - Mit viel PS durch den Schwarzwald<\/p><\/div>\n<p>Neben den Verbolten Z\u00fcgen wurde uns in den vergangenen Tagen auch noch ein Artwork des Achterbahnzugs der \u201eTren de la Mina\u201c im Parque de Atracciones de Madrid pr\u00e4sentiert. Achterbahnzug im wahrsten Sinne des Wortes, denn das beeindruckende Artwork zeigt einen f\u00fcr 14 Personen bestimmten Achterbahnwagen im Stile eines alten Minenzuges, der mit seiner detailreichen Gestaltung perfekt zum Gesamtbild der Anlage passen d\u00fcrfte. Aber dass Gerstlauer Z\u00fcge gro\u00dfartig gestalten kann haben sie uns ja schon mit mehreren Projekten, wie beispielsweise der Schlange von Midgard im Hansa Park oder Vicky \u2013 The Ride in Plopsa Coo, ausreichend bewiesen. Bleibt zu hoffen, dass die Z\u00fcge letzten Endes auch genau so, wie auf dem Artwotk umgesetzt werden. Papier ist ja bekanntlich geduldig.<\/p>\n<div id=\"attachment_13405\" style=\"width: 485px\" class=\"wp-caption aligncenter\"><img loading=\"lazy\" decoding=\"async\" aria-describedby=\"caption-attachment-13405\" src=\"https:\/\/airtimers.com\/blog\/wp-content\/uploads\/2012\/02\/Tren-de-la-Mina-Roller-Coaster-Train.jpg\" alt=\"\" title=\"Tren-de-la-Mina-Roller-Coaster-Train\" width=\"475\" height=\"285\" class=\"size-full wp-image-13405 colorbox-13400\" srcset=\"https:\/\/airtimers.com\/blog\/wp-content\/uploads\/2012\/02\/Tren-de-la-Mina-Roller-Coaster-Train.jpg 475w, https:\/\/airtimers.com\/blog\/wp-content\/uploads\/2012\/02\/Tren-de-la-Mina-Roller-Coaster-Train-300x180.jpg 300w, https:\/\/airtimers.com\/blog\/wp-content\/uploads\/2012\/02\/Tren-de-la-Mina-Roller-Coaster-Train-170x102.jpg 170w\" sizes=\"auto, (max-width: 475px) 100vw, 475px\" \/><p id=\"caption-attachment-13405\" class=\"wp-caption-text\">Tren de la Mina - Das Artwork der Achterbahnz\u00fcge<\/p><\/div>\n<p>Es freut uns, dass die Gestaltung der Achterbahnz\u00fcge f\u00fcr die Hersteller und Freizeitparks anscheinend immer wichtiger wird. Schlie\u00dflich tr\u00e4gt jedes noch so kleine Detail zu einem stimmigen Gesamterlebnis bei. Und mit einer gelungen Thematisierung, kann selbst aus dem schn\u00f6desten Family-Coaster ein spannendes Abenteuer werden.<\/p>\n<p>Pictures: Copyright Busch Gardens &#038; Parque de Atracciones Madrid<\/p>\n<fb:like href='https:\/\/airtimers.com\/en\/verbolten-tren-de-la-mina-zwei-achterbahnzuge-der-extraklasse\/0013400\/' send='false' layout='standard' show_faces='true' width='450' height='65' action='like' colorscheme='light' font='lucida grande'><\/fb:like>","protected":false},"excerpt":{"rendered":"<p>Erst vor kurzem haben wir bei unserem USA Update von einer baldigen Enth\u00fcllung der Verbolten Z\u00fcge in den Busch Gardens Europe erz\u00e4hlt. Nun ist es endlich so weit, ein erstes Bild kursiert durch das Internet. Dieses zeigt ein gelungenes an einen klassischen Porsche angelehntes Design, bei dem sogar auf Details wie ein fast original deutsches [&hellip;]<\/p>\n","protected":false},"author":10,"featured_media":13404,"comment_status":"open","ping_status":"closed","sticky":false,"template":"","format":"standard","meta":{"footnotes":""},"categories":[45],"tags":[579,425],"class_list":["post-13400","post","type-post","status-publish","format-standard","has-post-thumbnail","hentry","category-achterbahnen","tag-tren-de-la-mina","tag-verbolten"],"_links":{"self":[{"href":"https:\/\/airtimers.com\/en\/wp-json\/wp\/v2\/posts\/13400","targetHints":{"allow":["GET"]}}],"collection":[{"href":"https:\/\/airtimers.com\/en\/wp-json\/wp\/v2\/posts"}],"about":[{"href":"https:\/\/airtimers.com\/en\/wp-json\/wp\/v2\/types\/post"}],"author":[{"embeddable":true,"href":"https:\/\/airtimers.com\/en\/wp-json\/wp\/v2\/users\/10"}],"replies":[{"embeddable":true,"href":"https:\/\/airtimers.com\/en\/wp-json\/wp\/v2\/comments?post=13400"}],"version-history":[{"count":0,"href":"https:\/\/airtimers.com\/en\/wp-json\/wp\/v2\/posts\/13400\/revisions"}],"wp:featuredmedia":[{"embeddable":true,"href":"https:\/\/airtimers.com\/en\/wp-json\/wp\/v2\/media\/13404"}],"wp:attachment":[{"href":"https:\/\/airtimers.com\/en\/wp-json\/wp\/v2\/media?parent=13400"}],"wp:term":[{"taxonomy":"category","embeddable":true,"href":"https:\/\/airtimers.com\/en\/wp-json\/wp\/v2\/categories?post=13400"},{"taxonomy":"post_tag","embeddable":true,"href":"https:\/\/airtimers.com\/en\/wp-json\/wp\/v2\/tags?post=13400"}],"curies":[{"name":"wp","href":"https:\/\/api.w.org\/{rel}","templated":true}]}}