{"id":14796,"date":"2012-07-16T20:12:16","date_gmt":"2012-07-16T18:12:16","guid":{"rendered":"http:\/\/airtimers.com\/?p=14796"},"modified":"2012-07-16T20:12:16","modified_gmt":"2012-07-16T18:12:16","slug":"tusenfryd-interaktiver-darkride-zum-jubilaum-angekundigt","status":"publish","type":"post","link":"https:\/\/airtimers.com\/en\/tusenfryd-interaktiver-darkride-zum-jubilaum-angekundigt\/0014796\/","title":{"rendered":"Tusenfryd &#8211; Interaktiver Darkride zum Jubil\u00e4um angek\u00fcndigt"},"content":{"rendered":"<p>Nicht nur Liseberg darf 2013 ein Jubil\u00e4um zelebrieren! So feiert auch der norwegische Park Tusenfryd seinen 25. Geburtstag mit einer Gro\u00dfinvestition, genauer: der drittgr\u00f6\u00dften Investition seit Parkgr\u00fcndung im Jahre 1988. Hierbei werden 46 Millionen norwegische Kronen investiert, welche umgerechnet knapp 6.200.000\u20ac umfassen.<\/p>\n<div id=\"attachment_14797\" style=\"width: 485px\" class=\"wp-caption aligncenter\"><a href=\"https:\/\/airtimers.com\/blog\/wp-content\/uploads\/2012\/07\/Tusenfryd-Darkride-2013-1.jpg\"><img loading=\"lazy\" decoding=\"async\" aria-describedby=\"caption-attachment-14797\" src=\"https:\/\/airtimers.com\/blog\/wp-content\/uploads\/2012\/07\/Tusenfryd-Darkride-2013-1-475x285.jpg\" alt=\"\" title=\"Tusenfryd-Darkride-2013-1\" width=\"475\" height=\"285\" class=\"size-Airtimers 475x285 wp-image-14797 colorbox-14796\" srcset=\"https:\/\/airtimers.com\/blog\/wp-content\/uploads\/2012\/07\/Tusenfryd-Darkride-2013-1-475x285.jpg 475w, https:\/\/airtimers.com\/blog\/wp-content\/uploads\/2012\/07\/Tusenfryd-Darkride-2013-1-300x181.jpg 300w, https:\/\/airtimers.com\/blog\/wp-content\/uploads\/2012\/07\/Tusenfryd-Darkride-2013-1-170x102.jpg 170w\" sizes=\"auto, (max-width: 475px) 100vw, 475px\" \/><\/a><p id=\"caption-attachment-14797\" class=\"wp-caption-text\">Das erste offizielle Artwork zum Ride - Anklicken zum Vergr\u00f6\u00dfern!<\/p><\/div>\n<p>Ausgestattet mit der modernsten 3D-Technologie f\u00fchrt die europaweit einzigartige Reise in Booten durch die nordische Mythologie, wobei eine bestehende Halle innerhalb des Parks genutzt werden soll. Der Gast soll hierbei interaktiv am Geschehen teilhaben und eine spannende Herausforderung vorfinden! Die Attraktion soll eine Kapazit\u00e4t von ca. 800 Personen pro Stunde besitzen und sich an Jugendliche und Erwachsene richten &#8211; zornige G\u00f6tter und m\u00e4chtige mythologische Wesen sind also vorprogrammiert!<\/p>\n<p>Diese Ank\u00fcndigung l\u00e4sst \u00e4u\u00dferst gespannt in die N\u00e4he von Oslo blicken, schlie\u00dflich besitzen Darkrides mit einem solchen Thema ein urgewaltiges Potenzial, wie man beispielsweise an Valhalla im Pleasure Beach Blackpool sehen kann. Bei Odin, ein weiteres Highlight f\u00fcr das kommende Jahr! <\/p>\n<fb:like href='https:\/\/airtimers.com\/en\/tusenfryd-interaktiver-darkride-zum-jubilaum-angekundigt\/0014796\/' send='false' layout='standard' show_faces='true' width='450' height='65' action='like' colorscheme='light' font='lucida grande'><\/fb:like>","protected":false},"excerpt":{"rendered":"<p>Nicht nur Liseberg darf 2013 ein Jubil\u00e4um zelebrieren! So feiert auch der norwegische Park Tusenfryd seinen 25. Geburtstag mit einer Gro\u00dfinvestition, genauer: der drittgr\u00f6\u00dften Investition seit Parkgr\u00fcndung im Jahre 1988. Hierbei werden 46 Millionen norwegische Kronen investiert, welche umgerechnet knapp 6.200.000\u20ac umfassen. Ausgestattet mit der modernsten 3D-Technologie f\u00fchrt die europaweit einzigartige Reise in Booten durch [&hellip;]<\/p>\n","protected":false},"author":9,"featured_media":14797,"comment_status":"open","ping_status":"closed","sticky":false,"template":"","format":"standard","meta":{"footnotes":""},"categories":[3],"tags":[648,647],"class_list":["post-14796","post","type-post","status-publish","format-standard","has-post-thumbnail","hentry","category-freizeitparks","tag-darkride","tag-tusenfryd"],"_links":{"self":[{"href":"https:\/\/airtimers.com\/en\/wp-json\/wp\/v2\/posts\/14796","targetHints":{"allow":["GET"]}}],"collection":[{"href":"https:\/\/airtimers.com\/en\/wp-json\/wp\/v2\/posts"}],"about":[{"href":"https:\/\/airtimers.com\/en\/wp-json\/wp\/v2\/types\/post"}],"author":[{"embeddable":true,"href":"https:\/\/airtimers.com\/en\/wp-json\/wp\/v2\/users\/9"}],"replies":[{"embeddable":true,"href":"https:\/\/airtimers.com\/en\/wp-json\/wp\/v2\/comments?post=14796"}],"version-history":[{"count":0,"href":"https:\/\/airtimers.com\/en\/wp-json\/wp\/v2\/posts\/14796\/revisions"}],"wp:featuredmedia":[{"embeddable":true,"href":"https:\/\/airtimers.com\/en\/wp-json\/wp\/v2\/media\/14797"}],"wp:attachment":[{"href":"https:\/\/airtimers.com\/en\/wp-json\/wp\/v2\/media?parent=14796"}],"wp:term":[{"taxonomy":"category","embeddable":true,"href":"https:\/\/airtimers.com\/en\/wp-json\/wp\/v2\/categories?post=14796"},{"taxonomy":"post_tag","embeddable":true,"href":"https:\/\/airtimers.com\/en\/wp-json\/wp\/v2\/tags?post=14796"}],"curies":[{"name":"wp","href":"https:\/\/api.w.org\/{rel}","templated":true}]}}