{"id":15017,"date":"2012-08-06T14:53:13","date_gmt":"2012-08-06T12:53:13","guid":{"rendered":"http:\/\/airtimers.com\/?p=15017"},"modified":"2013-01-24T19:50:55","modified_gmt":"2013-01-24T18:50:55","slug":"disney-dream-portraits-wenn-stars-zu-disneyfiguren-werden","status":"publish","type":"post","link":"https:\/\/airtimers.com\/en\/disney-dream-portraits-wenn-stars-zu-disneyfiguren-werden\/0015017\/","title":{"rendered":"Disney Dream Portraits &#8211; Wenn Stars zu Disneyfiguren werden&#8230;"},"content":{"rendered":"<p>Wer kennt dieses Gef\u00fchl nicht? Man sieht einen Disneyfilm im Fernsehen und stellt sich vor, wie es w\u00e4re, sie im realen Leben zu treffen. Die Characters in den Disneyparks helfen da auch nicht gerade weiter &#8211; sie sind zu plastisch und man wei\u00df genau, dass dort ein unterbezahlter und schwitzender Cast Member unter einer Verkleidung vor einem steht. Wie w\u00fcrden sie aus Fleisch und Blut aussehen? Genau diese Frage hat sich wohl auch in der Disney-Gesch\u00e4ftsf\u00fchrung gestellt und die US-Amerikanische Fotografin Annie Leibovitz engagiert, welche f\u00fcr ihre aufwendig inszenierten Fotografien bekannt ist. So entwarf die mittlerweile 63-j\u00e4hrige ein Konzept, in dem sie einfach Stars von Weltrang in die Rollen von den Disneyfiguren steckt!<\/p>\n<div id=\"attachment_15018\" style=\"width: 485px\" class=\"wp-caption aligncenter\"><a href=\"https:\/\/airtimers.com\/blog\/wp-content\/uploads\/2012\/08\/Disney-Jack-Black-Will-Ferrell-Jason-Segel-Haunted-Mansion-Ghosts.jpg\"><img loading=\"lazy\" decoding=\"async\" aria-describedby=\"caption-attachment-15018\" src=\"https:\/\/airtimers.com\/blog\/wp-content\/uploads\/2012\/08\/Disney-Jack-Black-Will-Ferrell-Jason-Segel-Haunted-Mansion-Ghosts-475x285.jpg\" alt=\"\" title=\"\" width=\"475\" height=\"285\" class=\"size-Airtimers 475x285 wp-image-15018 colorbox-15017\" \/><\/a><p id=\"caption-attachment-15018\" class=\"wp-caption-text\">Jack Black, Will Ferrell und Jason Segel als Phineas, Ezra und Gus aus der Haunted Mansion!<\/p><\/div>\n<p>Hinter diesen Bildern steckt allerdings nicht nur der k\u00fcnstlerische Grundgedanke, sondern nat\u00fcrlich auch Werbung. Egal ob in den Disney-Parks, in Zeitschriften, auf Werbetafeln oder online &#8211; die Bilder kommen auf verschiedene Weise zum Einsatz. Nun aber genug des Geredes. Wir w\u00fcnschen viel Spa\u00df beim Betrachten der Disney Dream Portraits!<\/p>\n<p>PS: Anklicken zum Vergr\u00f6\u00dfern nicht vergessen!<\/p>\n<div id=\"attachment_15042\" style=\"width: 485px\" class=\"wp-caption aligncenter\"><a href=\"https:\/\/airtimers.com\/blog\/wp-content\/uploads\/2012\/08\/Disney-Aladdin-Jennifer-Lopez-Marc-Anthony.jpg\"><img loading=\"lazy\" decoding=\"async\" aria-describedby=\"caption-attachment-15042\" src=\"https:\/\/airtimers.com\/blog\/wp-content\/uploads\/2012\/08\/Disney-Aladdin-Jennifer-Lopez-Marc-Anthony-475x285.jpg\" alt=\"\" title=\"Disney-Aladdin-Jennifer-Lopez-Marc-Anthony\" width=\"475\" height=\"285\" class=\"size-Airtimers 475x285 wp-image-15042 colorbox-15017\" \/><\/a><p id=\"caption-attachment-15042\" class=\"wp-caption-text\">Jennifer Lopez und Marc Anthony als Aladdin und Jasmin!<\/p><\/div>\n<div id=\"attachment_15043\" style=\"width: 485px\" class=\"wp-caption aligncenter\"><a href=\"https:\/\/airtimers.com\/blog\/wp-content\/uploads\/2012\/08\/Disney-Aladdin-Whoopi-Goldberg.jpg\"><img loading=\"lazy\" decoding=\"async\" aria-describedby=\"caption-attachment-15043\" src=\"https:\/\/airtimers.com\/blog\/wp-content\/uploads\/2012\/08\/Disney-Aladdin-Whoopi-Goldberg-475x285.jpg\" alt=\"\" title=\"Disney-Aladdin-Whoopi-Goldberg\" width=\"475\" height=\"285\" class=\"size-Airtimers 475x285 wp-image-15043 colorbox-15017\" \/><\/a><p id=\"caption-attachment-15043\" class=\"wp-caption-text\">Whoopi Goldberg als Dschinni aus &#8220;Aladdin&#8221;!<\/p><\/div>\n<div id=\"attachment_15044\" style=\"width: 485px\" class=\"wp-caption aligncenter\"><a href=\"https:\/\/airtimers.com\/blog\/wp-content\/uploads\/2012\/08\/Disney-Alice-in-Wonderland-Beyonce-Oliver-Platt-Lyle-Lovett.jpg\"><img loading=\"lazy\" decoding=\"async\" aria-describedby=\"caption-attachment-15044\" src=\"https:\/\/airtimers.com\/blog\/wp-content\/uploads\/2012\/08\/Disney-Alice-in-Wonderland-Beyonce-Oliver-Platt-Lyle-Lovett-475x285.jpg\" alt=\"\" title=\"Disney-Alice-in-Wonderland-Beyonce-Oliver-Platt-Lyle-Lovett\" width=\"475\" height=\"285\" class=\"size-Airtimers 475x285 wp-image-15044 colorbox-15017\" srcset=\"https:\/\/airtimers.com\/blog\/wp-content\/uploads\/2012\/08\/Disney-Alice-in-Wonderland-Beyonce-Oliver-Platt-Lyle-Lovett-475x285.jpg 475w, https:\/\/airtimers.com\/blog\/wp-content\/uploads\/2012\/08\/Disney-Alice-in-Wonderland-Beyonce-Oliver-Platt-Lyle-Lovett-170x101.jpg 170w\" sizes=\"auto, (max-width: 475px) 100vw, 475px\" \/><\/a><p id=\"caption-attachment-15044\" class=\"wp-caption-text\">Beyonce, Oliver Platt und Lyle Lovett als Alice, Hutmacher und M\u00e4rz Hase aus &#8220;Alice im Wunderland&#8221;!<\/p><\/div>\n<div id=\"attachment_15023\" style=\"width: 485px\" class=\"wp-caption aligncenter\"><a href=\"https:\/\/airtimers.com\/blog\/wp-content\/uploads\/2012\/08\/Disney-Beauty-and-the-Beast-Jeff-Bridges-Penelope-Cruz.jpg\"><img loading=\"lazy\" decoding=\"async\" aria-describedby=\"caption-attachment-15023\" src=\"https:\/\/airtimers.com\/blog\/wp-content\/uploads\/2012\/08\/Disney-Beauty-and-the-Beast-Jeff-Bridges-Penelope-Cruz-475x285.jpg\" alt=\"\" title=\"Disney-Beauty-and-the-Beast-Jeff-Bridges-Penelope-Cruz\" width=\"475\" height=\"285\" class=\"size-Airtimers 475x285 wp-image-15023 colorbox-15017\" \/><\/a><p id=\"caption-attachment-15023\" class=\"wp-caption-text\">Penelope Cruz und Jeff Bridges als Belle und der Prinz aus &#8220;Die Sch\u00f6ne und das Biest&#8221;!<\/p><\/div>\n<div id=\"attachment_15045\" style=\"width: 485px\" class=\"wp-caption aligncenter\"><a href=\"https:\/\/airtimers.com\/blog\/wp-content\/uploads\/2012\/08\/Disney-Blue-Fairy-Julie-Andrews-Abigail-Breslin.jpg\"><img loading=\"lazy\" decoding=\"async\" aria-describedby=\"caption-attachment-15045\" src=\"https:\/\/airtimers.com\/blog\/wp-content\/uploads\/2012\/08\/Disney-Blue-Fairy-Julie-Andrews-Abigail-Breslin-475x285.jpg\" alt=\"\" title=\"Disney-Blue-Fairy-Julie-Andrews-Abigail-Breslin\" width=\"475\" height=\"285\" class=\"size-Airtimers 475x285 wp-image-15045 colorbox-15017\" \/><\/a><p id=\"caption-attachment-15045\" class=\"wp-caption-text\">Julie Andrews und Abigail Breslin als Blaue Fee und Fira aus &#8220;Pinocchio&#8221;!<\/p><\/div>\n<div id=\"attachment_15025\" style=\"width: 485px\" class=\"wp-caption aligncenter\"><a href=\"https:\/\/airtimers.com\/blog\/wp-content\/uploads\/2012\/08\/Disney-Captain-Hook-Russell-Brand.jpg\"><img loading=\"lazy\" decoding=\"async\" aria-describedby=\"caption-attachment-15025\" src=\"https:\/\/airtimers.com\/blog\/wp-content\/uploads\/2012\/08\/Disney-Captain-Hook-Russell-Brand-475x285.jpg\" alt=\"\" title=\"Disney-Captain-Hook-Russell-Brand\" width=\"475\" height=\"285\" class=\"size-Airtimers 475x285 wp-image-15025 colorbox-15017\" \/><\/a><p id=\"caption-attachment-15025\" class=\"wp-caption-text\">Russell Brand als Captain Hook aus &#8220;Peter Pan&#8221;!<\/p><\/div>\n<div id=\"attachment_15046\" style=\"width: 485px\" class=\"wp-caption aligncenter\"><a href=\"https:\/\/airtimers.com\/blog\/wp-content\/uploads\/2012\/08\/Disney-Cinderella-Scarlett-Johansson.jpg\"><img loading=\"lazy\" decoding=\"async\" aria-describedby=\"caption-attachment-15046\" src=\"https:\/\/airtimers.com\/blog\/wp-content\/uploads\/2012\/08\/Disney-Cinderella-Scarlett-Johansson-475x285.jpg\" alt=\"\" title=\"Disney-Cinderella-Scarlett-Johansson\" width=\"475\" height=\"285\" class=\"size-Airtimers 475x285 wp-image-15046 colorbox-15017\" \/><\/a><p id=\"caption-attachment-15046\" class=\"wp-caption-text\">Scarlett Johansson als Cinderella!<\/p><\/div>\n<div id=\"attachment_15027\" style=\"width: 485px\" class=\"wp-caption aligncenter\"><a href=\"https:\/\/airtimers.com\/blog\/wp-content\/uploads\/2012\/08\/Disney-Jack-Sparrow-Johnny-Depp.jpg\"><img loading=\"lazy\" decoding=\"async\" aria-describedby=\"caption-attachment-15027\" src=\"https:\/\/airtimers.com\/blog\/wp-content\/uploads\/2012\/08\/Disney-Jack-Sparrow-Johnny-Depp-475x285.jpg\" alt=\"\" title=\"Disney-Jack-Sparrow-Johnny Depp\" width=\"475\" height=\"285\" class=\"size-Airtimers 475x285 wp-image-15027 colorbox-15017\" \/><\/a><p id=\"caption-attachment-15027\" class=\"wp-caption-text\">Johnny Depp und Patti Smith als Jack Sparrow und ein weiterer Pirat aus &#8220;Pirates of the Caribbean&#8221;!<\/p><\/div>\n<div id=\"attachment_15047\" style=\"width: 485px\" class=\"wp-caption aligncenter\"><a href=\"https:\/\/airtimers.com\/blog\/wp-content\/uploads\/2012\/08\/Disney-Peter-Pan-Mikhail-Baryshnikov-Gisele-Bundchen-Tina-Fey.jpg\"><img loading=\"lazy\" decoding=\"async\" aria-describedby=\"caption-attachment-15047\" src=\"https:\/\/airtimers.com\/blog\/wp-content\/uploads\/2012\/08\/Disney-Peter-Pan-Mikhail-Baryshnikov-Gisele-Bundchen-Tina-Fey-475x285.jpg\" alt=\"\" title=\"Disney-Peter-Pan-Mikhail-Baryshnikov-Gisele-Bundchen-Tina-Fey\" width=\"475\" height=\"285\" class=\"size-Airtimers 475x285 wp-image-15047 colorbox-15017\" \/><\/a><p id=\"caption-attachment-15047\" class=\"wp-caption-text\">Mikhail Baryshnikov, Gisele B\u00fcndchen und Tina Fey als Peter Pan, Wendy und Tinkerbell!<\/p><\/div>\n<div id=\"attachment_15048\" style=\"width: 485px\" class=\"wp-caption aligncenter\"><a href=\"https:\/\/airtimers.com\/blog\/wp-content\/uploads\/2012\/08\/Disney-Pocahontas-Jessica-Biel.jpg\"><img loading=\"lazy\" decoding=\"async\" aria-describedby=\"caption-attachment-15048\" src=\"https:\/\/airtimers.com\/blog\/wp-content\/uploads\/2012\/08\/Disney-Pocahontas-Jessica-Biel-475x285.jpg\" alt=\"\" title=\"Disney-Pocahontas-Jessica-Biel\" width=\"475\" height=\"285\" class=\"size-Airtimers 475x285 wp-image-15048 colorbox-15017\" \/><\/a><p id=\"caption-attachment-15048\" class=\"wp-caption-text\">Jessica Biel als Pocahontas!<\/p><\/div>\n<div id=\"attachment_15049\" style=\"width: 485px\" class=\"wp-caption aligncenter\"><a href=\"https:\/\/airtimers.com\/blog\/wp-content\/uploads\/2012\/08\/Disney-Prince-Philip-David-Beckham.jpg\"><img loading=\"lazy\" decoding=\"async\" aria-describedby=\"caption-attachment-15049\" src=\"https:\/\/airtimers.com\/blog\/wp-content\/uploads\/2012\/08\/Disney-Prince-Philip-David-Beckham-475x285.jpg\" alt=\"\" title=\"Disney-Prince-Philip-David-Beckham\" width=\"475\" height=\"285\" class=\"size-Airtimers 475x285 wp-image-15049 colorbox-15017\" \/><\/a><p id=\"caption-attachment-15049\" class=\"wp-caption-text\">David Beckham als Prinz Philip aus &#8220;Dornr\u00f6schen&#8221;!<\/p><\/div>\n<div id=\"attachment_15031\" style=\"width: 485px\" class=\"wp-caption aligncenter\"><a href=\"https:\/\/airtimers.com\/blog\/wp-content\/uploads\/2012\/08\/Disney-Sleeping-Beauty-Zac-Efron-Vanessa-Hudgens.jpg\"><img loading=\"lazy\" decoding=\"async\" aria-describedby=\"caption-attachment-15031\" src=\"https:\/\/airtimers.com\/blog\/wp-content\/uploads\/2012\/08\/Disney-Sleeping-Beauty-Zac-Efron-Vanessa-Hudgens-475x285.jpg\" alt=\"\" title=\"Disney-Sleeping-Beauty-Zac-Efron-Vanessa-Hudgens\" width=\"475\" height=\"285\" class=\"size-Airtimers 475x285 wp-image-15031 colorbox-15017\" \/><\/a><p id=\"caption-attachment-15031\" class=\"wp-caption-text\">Zack Efron und Vanessa Hudgens als Prinz Philip und Dornr\u00f6schen!<\/p><\/div>\n<div id=\"attachment_15050\" style=\"width: 485px\" class=\"wp-caption aligncenter\"><a href=\"https:\/\/airtimers.com\/blog\/wp-content\/uploads\/2012\/08\/Disney-Snow-White-Olivia-Wilde-Alec-Baldwin.jpg\"><img loading=\"lazy\" decoding=\"async\" aria-describedby=\"caption-attachment-15050\" src=\"https:\/\/airtimers.com\/blog\/wp-content\/uploads\/2012\/08\/Disney-Snow-White-Olivia-Wilde-Alec-Baldwin-475x285.jpg\" alt=\"\" title=\"Disney-Snow-White-Olivia-Wilde-Alec-Baldwin\" width=\"475\" height=\"285\" class=\"size-Airtimers 475x285 wp-image-15050 colorbox-15017\" \/><\/a><p id=\"caption-attachment-15050\" class=\"wp-caption-text\">Olivia Wilde und Alec Baldwin als die b\u00f6se Stiefmutter und der magische Spiegel aus &#8220;Schneewittchen&#8221;!<\/p><\/div>\n<div id=\"attachment_15051\" style=\"width: 485px\" class=\"wp-caption aligncenter\"><a href=\"https:\/\/airtimers.com\/blog\/wp-content\/uploads\/2012\/08\/Disney-Snow-White-Rachel-Weisz.jpg\"><img loading=\"lazy\" decoding=\"async\" aria-describedby=\"caption-attachment-15051\" src=\"https:\/\/airtimers.com\/blog\/wp-content\/uploads\/2012\/08\/Disney-Snow-White-Rachel-Weisz-475x285.jpg\" alt=\"\" title=\"Disney-Snow-White-Rachel-Weisz\" width=\"475\" height=\"285\" class=\"size-Airtimers 475x285 wp-image-15051 colorbox-15017\" \/><\/a><p id=\"caption-attachment-15051\" class=\"wp-caption-text\">Rachel Weisz als Schneewittchen!<\/p><\/div>\n<div id=\"attachment_15052\" style=\"width: 485px\" class=\"wp-caption aligncenter\"><a href=\"https:\/\/airtimers.com\/blog\/wp-content\/uploads\/2012\/08\/Disney-Sword-in-the-Stone-Roger-Federer.jpg\"><img loading=\"lazy\" decoding=\"async\" aria-describedby=\"caption-attachment-15052\" src=\"https:\/\/airtimers.com\/blog\/wp-content\/uploads\/2012\/08\/Disney-Sword-in-the-Stone-Roger-Federer-475x285.jpg\" alt=\"\" title=\"Disney-Sword-in-the-Stone-Roger-Federer\" width=\"475\" height=\"285\" class=\"size-Airtimers 475x285 wp-image-15052 colorbox-15017\" \/><\/a><p id=\"caption-attachment-15052\" class=\"wp-caption-text\">Roger Federer als K\u00f6nig Arthur aus &#8220;Die Hexe und der Zauberer&#8221;!<\/p><\/div>\n<div id=\"attachment_15053\" style=\"width: 485px\" class=\"wp-caption aligncenter\"><a href=\"https:\/\/airtimers.com\/blog\/wp-content\/uploads\/2012\/08\/Disney-The-Little-Mermaid-Juilenne-Moore-Michael-Phelps.jpg\"><img loading=\"lazy\" decoding=\"async\" aria-describedby=\"caption-attachment-15053\" src=\"https:\/\/airtimers.com\/blog\/wp-content\/uploads\/2012\/08\/Disney-The-Little-Mermaid-Juilenne-Moore-Michael-Phelps-475x285.jpg\" alt=\"\" title=\"Disney-The-Little-Mermaid-Juilenne-Moore-Michael-Phelps\" width=\"475\" height=\"285\" class=\"size-Airtimers 475x285 wp-image-15053 colorbox-15017\" \/><\/a><p id=\"caption-attachment-15053\" class=\"wp-caption-text\">Julianne Moore und Michael Phelps als Arielle und ein Meerjungmann!<\/p><\/div>\n<div id=\"attachment_15054\" style=\"width: 485px\" class=\"wp-caption aligncenter\"><a href=\"https:\/\/airtimers.com\/blog\/wp-content\/uploads\/2012\/08\/Disney-The-Little-Mermaid-Queen-Latifah.jpg\"><img loading=\"lazy\" decoding=\"async\" aria-describedby=\"caption-attachment-15054\" src=\"https:\/\/airtimers.com\/blog\/wp-content\/uploads\/2012\/08\/Disney-The-Little-Mermaid-Queen-Latifah-475x285.jpg\" alt=\"\" title=\"Disney-The-Little-Mermaid-Queen-Latifah\" width=\"475\" height=\"285\" class=\"size-Airtimers 475x285 wp-image-15054 colorbox-15017\" \/><\/a><p id=\"caption-attachment-15054\" class=\"wp-caption-text\">Queen Latifah als Ursula aus &#8220;Arielle, die Meerjungfrau&#8221;!<\/p><\/div>\n<p><strong>Update, 24.01.2013<\/strong>: Ganz neu im Bunde der Disney Dream Portraits tummelt sich nun auch Teeniesternchen Taylor Swift, die ausnahmsweise mal keine Lovesongs zum besten gibt, sondern als langhaarige Rapunzel aus dem Film &#8220;Tangled&#8221; bzw. &#8220;Rapunzel &#8211; Neu verf\u00f6hnt&#8221; aus ihrem Turm schaut &#8211; leider ohne einen anderen Promikollegen als Flynn Rider.<\/p>\n<div id=\"attachment_16574\" style=\"width: 485px\" class=\"wp-caption aligncenter\"><a href=\"https:\/\/airtimers.com\/blog\/wp-content\/uploads\/2012\/08\/Disney-Taylor-Swift-Rapunzel-Tangled-1.jpg\"><img loading=\"lazy\" decoding=\"async\" aria-describedby=\"caption-attachment-16574\" src=\"https:\/\/airtimers.com\/blog\/wp-content\/uploads\/2012\/08\/Disney-Taylor-Swift-Rapunzel-Tangled-1-475x285.jpg\" alt=\"\" title=\"Disney-Taylor-Swift-Rapunzel-Tangled-1\" width=\"475\" height=\"285\" class=\"size-Airtimers 475x285 wp-image-16574 colorbox-15017\" \/><\/a><p id=\"caption-attachment-16574\" class=\"wp-caption-text\">Taylor Swift als Rapunzel aus &#8220;Tangled&#8221;!<\/p><\/div>\n<p>Pictures: Copyright Disney<\/p>\n<fb:like href='https:\/\/airtimers.com\/en\/disney-dream-portraits-wenn-stars-zu-disneyfiguren-werden\/0015017\/' send='false' layout='standard' show_faces='true' width='450' height='65' action='like' colorscheme='light' font='lucida grande'><\/fb:like>","protected":false},"excerpt":{"rendered":"<p>Wer kennt dieses Gef\u00fchl nicht? Man sieht einen Disneyfilm im Fernsehen und stellt sich vor, wie es w\u00e4re, sie im realen Leben zu treffen. Die Characters in den Disneyparks helfen da auch nicht gerade weiter &#8211; sie sind zu plastisch und man wei\u00df genau, dass dort ein unterbezahlter und schwitzender Cast Member unter einer Verkleidung [&hellip;]<\/p>\n","protected":false},"author":9,"featured_media":15018,"comment_status":"open","ping_status":"closed","sticky":false,"template":"","format":"standard","meta":{"footnotes":""},"categories":[7],"tags":[41,1649],"class_list":["post-15017","post","type-post","status-publish","format-standard","has-post-thumbnail","hentry","category-disney-parks","tag-disney","tag-disney-parks"],"_links":{"self":[{"href":"https:\/\/airtimers.com\/en\/wp-json\/wp\/v2\/posts\/15017","targetHints":{"allow":["GET"]}}],"collection":[{"href":"https:\/\/airtimers.com\/en\/wp-json\/wp\/v2\/posts"}],"about":[{"href":"https:\/\/airtimers.com\/en\/wp-json\/wp\/v2\/types\/post"}],"author":[{"embeddable":true,"href":"https:\/\/airtimers.com\/en\/wp-json\/wp\/v2\/users\/9"}],"replies":[{"embeddable":true,"href":"https:\/\/airtimers.com\/en\/wp-json\/wp\/v2\/comments?post=15017"}],"version-history":[{"count":0,"href":"https:\/\/airtimers.com\/en\/wp-json\/wp\/v2\/posts\/15017\/revisions"}],"wp:featuredmedia":[{"embeddable":true,"href":"https:\/\/airtimers.com\/en\/wp-json\/wp\/v2\/media\/15018"}],"wp:attachment":[{"href":"https:\/\/airtimers.com\/en\/wp-json\/wp\/v2\/media?parent=15017"}],"wp:term":[{"taxonomy":"category","embeddable":true,"href":"https:\/\/airtimers.com\/en\/wp-json\/wp\/v2\/categories?post=15017"},{"taxonomy":"post_tag","embeddable":true,"href":"https:\/\/airtimers.com\/en\/wp-json\/wp\/v2\/tags?post=15017"}],"curies":[{"name":"wp","href":"https:\/\/api.w.org\/{rel}","templated":true}]}}