{"id":15895,"date":"2012-10-10T17:27:51","date_gmt":"2012-10-10T15:27:51","guid":{"rendered":"http:\/\/airtimers.com\/?p=15895"},"modified":"2012-10-10T18:44:50","modified_gmt":"2012-10-10T16:44:50","slug":"holiday-park-neues-aus-dem-majaland","status":"publish","type":"post","link":"https:\/\/airtimers.com\/en\/holiday-park-neues-aus-dem-majaland\/0015895\/","title":{"rendered":"Holiday Park \u2013 Neues aus dem Majaland"},"content":{"rendered":"<p>Seitdem in dieser Saison die Biene Maja und ihre Freunde ihr Zuhause im extra f\u00fcr sie angelegten Themenbereich &#8220;Majaland&#8221; im Holiday Park gefunden haben, sind sie kaum noch aus Ha\u00dfloch wegzudenken! Nun geht der Bau in die zweite Runde und der neue Parkbetreiber Plopsa k\u00fcndigte weitere Expansionen an. Diese sollen vor allem der bisherigen Gestaltung des Parks zugutekommen, welcher ein vollkommen neues Gesicht bekommen wird. Aber auch f\u00fcr neue Attraktionen ist gesorgt: so steht neben der geplanten Achterbahn f\u00fcr 2014, vor allem das neue Maja-Restaurant f\u00fcr das kommende Jahr auf dem Plan.<\/p>\n<div id=\"attachment_15898\" style=\"width: 485px\" class=\"wp-caption aligncenter\"><a href=\"https:\/\/airtimers.com\/blog\/wp-content\/uploads\/2012\/10\/tn_IMG_4501.jpg\"><img loading=\"lazy\" decoding=\"async\" aria-describedby=\"caption-attachment-15898\" src=\"https:\/\/airtimers.com\/blog\/wp-content\/uploads\/2012\/10\/tn_IMG_4501-475x285.jpg\" alt=\"\" title=\"Holiday-Park-1\" width=\"475\" height=\"285\" class=\"size-Airtimers 475x285 wp-image-15898 colorbox-15895\" \/><\/a><p id=\"caption-attachment-15898\" class=\"wp-caption-text\">Das Artwork zum neuen Restaurant &#8211; Anklicken zum Vergr\u00f6\u00dfern!<\/p><\/div>\n<p>Das neue Restaurant wird sich dabei dem bisherigen Areal voll und ganz anpassen, und mit einer fantasievollen Gestaltung den Themenbereich optisch abrunden. Neben den beiden Selbstbedienungs-Restaurants im Pf\u00e4lzer Dorf, wird es das dritte seiner Art, bei dem der Gast seine Speisen und Getr\u00e4nke in gewohnter SB-Manier eigenst\u00e4ndig an einer Ausgabe ausw\u00e4hlen und anschlie\u00dfend direkt mitnehmen kann.<br \/>\nWir waren f\u00fcr Euch am 08.10 vor Ort und geben Euch einen kleinen Blick auf den aktuellen Stand vom Bau des neuen Restaurants!<\/p>\n<div id=\"attachment_15896\" style=\"width: 485px\" class=\"wp-caption aligncenter\"><a href=\"https:\/\/airtimers.com\/blog\/wp-content\/uploads\/2012\/10\/tn_IMG_4477.jpg\"><img loading=\"lazy\" decoding=\"async\" aria-describedby=\"caption-attachment-15896\" src=\"https:\/\/airtimers.com\/blog\/wp-content\/uploads\/2012\/10\/tn_IMG_4477-475x285.jpg\" alt=\"\" title=\"tn_IMG_4477\" width=\"475\" height=\"285\" class=\"size-Airtimers 475x285 wp-image-15896 colorbox-15895\" \/><\/a><p id=\"caption-attachment-15896\" class=\"wp-caption-text\">Anklicken zum Vergr\u00f6\u00dfern!<\/p><\/div>\n<div id=\"attachment_15897\" style=\"width: 485px\" class=\"wp-caption aligncenter\"><a href=\"https:\/\/airtimers.com\/blog\/wp-content\/uploads\/2012\/10\/tn_IMG_4494.jpg\"><img loading=\"lazy\" decoding=\"async\" aria-describedby=\"caption-attachment-15897\" src=\"https:\/\/airtimers.com\/blog\/wp-content\/uploads\/2012\/10\/tn_IMG_4494-475x285.jpg\" alt=\"\" title=\"tn_IMG_4494\" width=\"475\" height=\"285\" class=\"size-Airtimers 475x285 wp-image-15897 colorbox-15895\" \/><\/a><p id=\"caption-attachment-15897\" class=\"wp-caption-text\">Anklicken zum Vergr\u00f6\u00dfern!<\/p><\/div>\n<div id=\"attachment_15899\" style=\"width: 485px\" class=\"wp-caption aligncenter\"><a href=\"https:\/\/airtimers.com\/blog\/wp-content\/uploads\/2012\/10\/tn_IMG_4503.jpg\"><img loading=\"lazy\" decoding=\"async\" aria-describedby=\"caption-attachment-15899\" src=\"https:\/\/airtimers.com\/blog\/wp-content\/uploads\/2012\/10\/tn_IMG_4503-475x285.jpg\" alt=\"\" title=\"tn_IMG_4503\" width=\"475\" height=\"285\" class=\"size-Airtimers 475x285 wp-image-15899 colorbox-15895\" \/><\/a><p id=\"caption-attachment-15899\" class=\"wp-caption-text\">Anklicken zum Vergr\u00f6\u00dfern!<\/p><\/div>\n<div id=\"attachment_15900\" style=\"width: 485px\" class=\"wp-caption aligncenter\"><a href=\"https:\/\/airtimers.com\/blog\/wp-content\/uploads\/2012\/10\/tn_IMG_4511.jpg\"><img loading=\"lazy\" decoding=\"async\" aria-describedby=\"caption-attachment-15900\" src=\"https:\/\/airtimers.com\/blog\/wp-content\/uploads\/2012\/10\/tn_IMG_4511-475x285.jpg\" alt=\"\" title=\"tn_IMG_4511\" width=\"475\" height=\"285\" class=\"size-Airtimers 475x285 wp-image-15900 colorbox-15895\" \/><\/a><p id=\"caption-attachment-15900\" class=\"wp-caption-text\">Anklicken zum Vergr\u00f6\u00dfern!<\/p><\/div>\n<div id=\"attachment_15901\" style=\"width: 485px\" class=\"wp-caption aligncenter\"><a href=\"https:\/\/airtimers.com\/blog\/wp-content\/uploads\/2012\/10\/tn_IMG_4520.jpg\"><img loading=\"lazy\" decoding=\"async\" aria-describedby=\"caption-attachment-15901\" src=\"https:\/\/airtimers.com\/blog\/wp-content\/uploads\/2012\/10\/tn_IMG_4520-475x285.jpg\" alt=\"\" title=\"tn_IMG_4520\" width=\"475\" height=\"285\" class=\"size-Airtimers 475x285 wp-image-15901 colorbox-15895\" \/><\/a><p id=\"caption-attachment-15901\" class=\"wp-caption-text\">Anklicken zum Vergr\u00f6\u00dfern!<\/p><\/div>\n<fb:like href='https:\/\/airtimers.com\/en\/holiday-park-neues-aus-dem-majaland\/0015895\/' send='false' layout='standard' show_faces='true' width='450' height='65' action='like' colorscheme='light' font='lucida grande'><\/fb:like>","protected":false},"excerpt":{"rendered":"<p>Seitdem in dieser Saison die Biene Maja und ihre Freunde ihr Zuhause im extra f\u00fcr sie angelegten Themenbereich &#8220;Majaland&#8221; im Holiday Park gefunden haben, sind sie kaum noch aus Ha\u00dfloch wegzudenken! Nun geht der Bau in die zweite Runde und der neue Parkbetreiber Plopsa k\u00fcndigte weitere Expansionen an. Diese sollen vor allem der bisherigen Gestaltung [&hellip;]<\/p>\n","protected":false},"author":10,"featured_media":15909,"comment_status":"open","ping_status":"closed","sticky":false,"template":"","format":"standard","meta":{"footnotes":""},"categories":[3],"tags":[271,692],"class_list":["post-15895","post","type-post","status-publish","format-standard","has-post-thumbnail","hentry","category-freizeitparks","tag-holiday-park","tag-majaland"],"_links":{"self":[{"href":"https:\/\/airtimers.com\/en\/wp-json\/wp\/v2\/posts\/15895","targetHints":{"allow":["GET"]}}],"collection":[{"href":"https:\/\/airtimers.com\/en\/wp-json\/wp\/v2\/posts"}],"about":[{"href":"https:\/\/airtimers.com\/en\/wp-json\/wp\/v2\/types\/post"}],"author":[{"embeddable":true,"href":"https:\/\/airtimers.com\/en\/wp-json\/wp\/v2\/users\/10"}],"replies":[{"embeddable":true,"href":"https:\/\/airtimers.com\/en\/wp-json\/wp\/v2\/comments?post=15895"}],"version-history":[{"count":0,"href":"https:\/\/airtimers.com\/en\/wp-json\/wp\/v2\/posts\/15895\/revisions"}],"wp:featuredmedia":[{"embeddable":true,"href":"https:\/\/airtimers.com\/en\/wp-json\/wp\/v2\/media\/15909"}],"wp:attachment":[{"href":"https:\/\/airtimers.com\/en\/wp-json\/wp\/v2\/media?parent=15895"}],"wp:term":[{"taxonomy":"category","embeddable":true,"href":"https:\/\/airtimers.com\/en\/wp-json\/wp\/v2\/categories?post=15895"},{"taxonomy":"post_tag","embeddable":true,"href":"https:\/\/airtimers.com\/en\/wp-json\/wp\/v2\/tags?post=15895"}],"curies":[{"name":"wp","href":"https:\/\/api.w.org\/{rel}","templated":true}]}}