{"id":24609,"date":"2014-07-09T17:17:49","date_gmt":"2014-07-09T15:17:49","guid":{"rendered":"http:\/\/airtimers.com\/?p=24609"},"modified":"2016-01-05T23:34:08","modified_gmt":"2016-01-05T22:34:08","slug":"von-meteorindenregen-und-anderen-phanomenen-gardalands-neue-achterbahn-2015","status":"publish","type":"post","link":"https:\/\/airtimers.com\/en\/von-meteorindenregen-und-anderen-phanomenen-gardalands-neue-achterbahn-2015\/0024609\/","title":{"rendered":"Von Meteoritenregen und anderen Ph\u00e4nomenen &#8211; Gardalands neue Achterbahn 2015"},"content":{"rendered":"<p>Wie bereits vermutet best\u00e4tigt nun auch eine erste Pressemitteilung zur neu entstehenden Achterbahn im Gardaland, dass es sich hierbei um eine Achterbahn der Edelschmiede B&#038;M handelt, denn eben dieser Hersteller wurde nun von offizieller Seite aus best\u00e4tigt und auch das vorl\u00e4ufige Logo sowie weitere Andeutungen lassen auf eine Entstehung des ersten Dive-Coasters in Italien vermuten, best\u00e4tigen dies aber nicht. So k\u00f6nnte allerdings der Slogan \u201ePoint of no return\u201c eine Phrase f\u00fcr den Stopp am Scheitel des etwa 90\u00b0 steilen und charakteristischen Drops dieses Achterbahntypus sein. Doch auch weitere Details sind nun bekannt, wie beispielsweise die Schienen und St\u00fctzenfarbe. Teile von diesen wurden n\u00e4mlich bereits in wei\u00dfer Lackierung zum Gardaland geliefert. Da die bereits bestehenden Attraktionen dieses Themenbereichs auch gr\u00f6\u00dftenteils sich in einem wei\u00dfen Kleid pr\u00e4sentieren, kommt diese Wahl gar nicht mal so \u00fcberraschend.<\/p>\n<div id=\"attachment_24610\" style=\"width: 485px\" class=\"wp-caption aligncenter\"><a href=\"https:\/\/airtimers.com\/blog\/wp-content\/uploads\/2014\/07\/DC.jpg\"><img loading=\"lazy\" decoding=\"async\" aria-describedby=\"caption-attachment-24610\" src=\"https:\/\/airtimers.com\/blog\/wp-content\/uploads\/2014\/07\/DC-475x285.jpg\" alt=\"Der Bereich rund um die Baustelle ist bereits gro\u00dfz\u00fcgig abgespeert- Anklicken zum Vergr\u00f6\u00dfern!\" width=\"475\" height=\"285\" class=\"size-airtimers-475x285 wp-image-24610 colorbox-24609\" srcset=\"https:\/\/airtimers.com\/blog\/wp-content\/uploads\/2014\/07\/DC-475x285.jpg 475w, https:\/\/airtimers.com\/blog\/wp-content\/uploads\/2014\/07\/DC-240x144.jpg 240w\" sizes=\"auto, (max-width: 475px) 100vw, 475px\" \/><\/a><p id=\"caption-attachment-24610\" class=\"wp-caption-text\">Der Bereich rund um die Baustelle ist bereits gro\u00dfz\u00fcgig abgespeert- Anklicken zum Vergr\u00f6\u00dfern!<\/p><\/div>\n<p>Des Weiteren lie\u00df das Gardaland verlauten, dass es sich hier um die teuerste Neuinvestition der bald 40-j\u00e4hrigen Parkgeschichte handelt. Im Angesicht des benachbarten Raptors, welcher ebenfalls von B&#038;M hergestellt wurde, l\u00e4sst dies auf eine etwas ausgedehntere Strecke oder eine aufw\u00e4ndige Gestaltung hoffen.<br \/>\nDoch Merlin w\u00e4re nicht Merlin, wenn man sich nicht auch bei dieser Neuheit eine kleine Vorgeschichte h\u00e4tte einfallen lassen. Wenn man n\u00e4mlich auf die Homepage www.gardaland.it geht, gibt es ein \u201eunerkl\u00e4rliches\u201c Ph\u00e4nomen zu beobachten. Etwas \u00e4hnliches wie ein unkontrollierbarer Meteoritenregen schl\u00e4gt auf der Seite nieder und leitet einen zur Webseite www.gardaland2015.it weiter. Dort bekommt man dann dieses Ereignis zu sehen:<\/p>\n<p><center><iframe loading=\"lazy\" width=\"380\" height=\"285\" src=\"\/\/www.youtube.com\/embed\/k54P2V0CZ7M\" frameborder=\"0\" allowfullscreen><\/iframe><\/center><\/p>\n<p>In dem Video sieht man Bilder aus den 1970er-Jahren zum Zeitpunkt des Baus des heutigen Gardalandes. Auch hier reflektieren die ungew\u00f6hnlichen Lichtstrahlen auf dem Boden und \u00f6ffnen Kl\u00fcfte im Erdboden, woraus eine Art rotgl\u00fchende Magma heraustritt. Es scheint so, als w\u00fcrde dieses Ereignis vor genau 40 Jahren mit dem baldigen Bau der neuen Achterbahn f\u00fcr 2015 verbunden sein\u2026 wir sind gespannt!<\/p>\n<p>Pictures: Copyright Gardaland<\/p>\n<fb:like href='https:\/\/airtimers.com\/en\/von-meteorindenregen-und-anderen-phanomenen-gardalands-neue-achterbahn-2015\/0024609\/' send='false' layout='standard' show_faces='true' width='450' height='65' action='like' colorscheme='light' font='lucida grande'><\/fb:like>","protected":false},"excerpt":{"rendered":"<p>Wie bereits vermutet best\u00e4tigt nun auch eine erste Pressemitteilung zur neu entstehenden Achterbahn im Gardaland, dass es sich hierbei um eine Achterbahn der Edelschmiede B&#038;M handelt, denn eben dieser Hersteller wurde nun von offizieller Seite aus best\u00e4tigt und auch das vorl\u00e4ufige Logo sowie weitere Andeutungen lassen auf eine Entstehung des ersten Dive-Coasters in Italien vermuten, [&hellip;]<\/p>\n","protected":false},"author":10,"featured_media":24611,"comment_status":"open","ping_status":"closed","sticky":false,"template":"","format":"standard","meta":{"footnotes":""},"categories":[45],"tags":[758,12],"class_list":["post-24609","post","type-post","status-publish","format-standard","has-post-thumbnail","hentry","category-achterbahnen","tag-bm","tag-gardaland"],"_links":{"self":[{"href":"https:\/\/airtimers.com\/en\/wp-json\/wp\/v2\/posts\/24609","targetHints":{"allow":["GET"]}}],"collection":[{"href":"https:\/\/airtimers.com\/en\/wp-json\/wp\/v2\/posts"}],"about":[{"href":"https:\/\/airtimers.com\/en\/wp-json\/wp\/v2\/types\/post"}],"author":[{"embeddable":true,"href":"https:\/\/airtimers.com\/en\/wp-json\/wp\/v2\/users\/10"}],"replies":[{"embeddable":true,"href":"https:\/\/airtimers.com\/en\/wp-json\/wp\/v2\/comments?post=24609"}],"version-history":[{"count":0,"href":"https:\/\/airtimers.com\/en\/wp-json\/wp\/v2\/posts\/24609\/revisions"}],"wp:featuredmedia":[{"embeddable":true,"href":"https:\/\/airtimers.com\/en\/wp-json\/wp\/v2\/media\/24611"}],"wp:attachment":[{"href":"https:\/\/airtimers.com\/en\/wp-json\/wp\/v2\/media?parent=24609"}],"wp:term":[{"taxonomy":"category","embeddable":true,"href":"https:\/\/airtimers.com\/en\/wp-json\/wp\/v2\/categories?post=24609"},{"taxonomy":"post_tag","embeddable":true,"href":"https:\/\/airtimers.com\/en\/wp-json\/wp\/v2\/tags?post=24609"}],"curies":[{"name":"wp","href":"https:\/\/api.w.org\/{rel}","templated":true}]}}