{"id":25702,"date":"2014-09-16T22:23:40","date_gmt":"2014-09-16T20:23:40","guid":{"rendered":"http:\/\/airtimers.com\/?p=25702"},"modified":"2014-09-16T22:58:16","modified_gmt":"2014-09-16T20:58:16","slug":"spreepark-und-witte-comeback-2015","status":"publish","type":"post","link":"https:\/\/airtimers.com\/en\/spreepark-und-witte-comeback-2015\/0025702\/","title":{"rendered":"Spreepark- und Witte-Comeback 2015?"},"content":{"rendered":"<p>Wer geglaubt hat, dass durch die \u00dcbernahme des <em>Spreepark<\/em>-Gel\u00e4ndes durch die Stadt der Name Norbert Witte Geschichte ist in Sachen Spreepark, der hat sich gr\u00fcndlich geirrt, zumindest wenn es nach dem ehemaligen Betreiber selbst geht. Witte, der 1990\/1991 den ehemaligen Kulturpark der DDR \u00fcbernahm und ihn zum neuen modernen Spreepark umgestaltete und diesen bis zu seiner Schlie\u00dfung im Jahre 2001 f\u00fchrte, lie\u00df n\u00e4mlich k\u00fcrzlich durch die B.Z. verk\u00fcnden, dass er noch lange nicht vorhat in den Ruhestand zu gehen und das Thema Freizeitpark und der Spreepark im besonderen f\u00fcr ihn noch lange nicht erledigt sei. Witte, der derzeit auf dem Kinder-Rummel <em>Louisiana Land<\/em> in Berlin Marzahn arbeitet, stellte gleich mehrere Pl\u00e4ne vor, wie er in die Branche zur\u00fcckkehren m\u00f6chte.<\/p>\n<div style=\"width: 485px\" class=\"wp-caption aligncenter\"><img class=\"colorbox-25702\"  loading=\"lazy\" decoding=\"async\" alt=\"\" src=\"http:\/\/i0.wp.com\/airtimers.com\/blog\/wp-content\/uploads\/2014\/03\/spreepark_eingang1.jpg?zoom=1.5&amp;resize=475%2C285\" width=\"475\" height=\"285\" \/><p class=\"wp-caption-text\">Nachdem die Stadt das Spreepark-Gel\u00e4nde gekauft und von Schulden befreit hat, steht das Tor f\u00fcr eine neue Nutzung weit offen.<\/p><\/div>\n<p>Zusammen mit seinem Schwiegersohn Gordon Wollenschl\u00e4ger (37), Betreiber des &#8220;Louisiana Lands&#8221;, m\u00f6chte er nach dem Marzahner Vorbild dem Spreepark neues Leben einhauchen als kleiner aber feiner Platz nach dem Prinzip Tivoli. Das hei\u00dft, es w\u00e4re ein lokaler Freizeitpark, der konzeptionell wie ein Rummelplatz daherkommt. Man zahlt also keinen hohen Eintrittspreis f\u00fcr den Park sondern jedes Fahrgesch\u00e4ft einzeln und es finden wechselnde Shows, Musikveranstaltungen dort statt. Der Finanzsenat h\u00e4lt sich bisher bedeckt und l\u00e4sst sich nicht darauf festnageln, was \u00fcberhaupt mit dem Gel\u00e4nde passieren soll und eine Sprecherin des Lieganschaftsfonds gibt bekannt: \u201eDerzeit befinden wir uns in einer Findungsphase. Noch im September gibt es den n\u00e4chsten runden Tisch, an dem Senat, Bezirk, Naturschutz- und Umweltbeh\u00f6rden beteiligt sind.\u201c<\/p>\n<div id=\"attachment_25692\" style=\"width: 485px\" class=\"wp-caption aligncenter\"><img loading=\"lazy\" decoding=\"async\" aria-describedby=\"caption-attachment-25692\" class=\"size-full wp-image-25692  colorbox-25702\" alt=\"\" src=\"https:\/\/airtimers.com\/blog\/wp-content\/uploads\/2014\/09\/spreepark_riesenrad.jpg\" width=\"475\" height=\"285\" srcset=\"https:\/\/airtimers.com\/blog\/wp-content\/uploads\/2014\/09\/spreepark_riesenrad.jpg 475w, https:\/\/airtimers.com\/blog\/wp-content\/uploads\/2014\/09\/spreepark_riesenrad-300x180.jpg 300w, https:\/\/airtimers.com\/blog\/wp-content\/uploads\/2014\/09\/spreepark_riesenrad-170x102.jpg 170w, https:\/\/airtimers.com\/blog\/wp-content\/uploads\/2014\/09\/spreepark_riesenrad-240x144.jpg 240w\" sizes=\"auto, (max-width: 475px) 100vw, 475px\" \/><p id=\"caption-attachment-25692\" class=\"wp-caption-text\">Das Riesenrad des Spreeparks k\u00f6nnte &#8211; restauriert &#8211; wieder Bestandteil vom Rummel werden, den Witte plant.<\/p><\/div>\n<p>Wittes Hoffnungen beruhen da wohl eher auf Oliver Igel (SPD) seines Zeichens Bezirksb\u00fcrgermeister von Treptow-K\u00f6penick. Dieser soll einen &#8220;kleinen feinen Freizeitpark&#8221; favorisieren, womit die beiden wohl den gleichen Plan haben d\u00fcrften. &#8220;\u201eGenau das machen wir doch gerade in Marzahn. Kann sich jeder gern angucken.\u201c so der 59 j\u00e4hrige dazu und l\u00e4sst sogar schon einen Plan samt Zeitans\u00e4tzen durchblicken: \u201eOstern 2015 k\u00f6nnten wir mit einem Teil-Gel\u00e4nde er\u00f6ffnen. Zu Beginn mit 12 neuen Fahrgesch\u00e4ften, die habe ich parat. Das Riesenrad w\u00fcrden wir restaurieren. In zwei Jahren w\u00e4re alles fertig in altem Glanz.\u201c Ob das ernstzunehmende Pl\u00e4ne oder blo\u00dfe Tr\u00e4umereien sind l\u00e4sst sich nur sehr schwer beurteilen, allerdings scheint die Planung schon sehr weit und detailliert ausgearbeitet worden zu sein. So w\u00fcrde das &#8220;Louisiana Land&#8221; das Gel\u00e4nde von der Stadt zun\u00e4chst f\u00fcr 10 Jahre mieten sollen &#8211; inklusive einer Option auf weitere 10 Jahre und einer daran anschlie\u00dfenden Kaufoption. Auch finanziell gibt es eine Vorstellung des Deals: &#8220;200.000 Euro Jahresmiete w\u00e4ren realistisch.\u201c meint der Freizeitparkvision\u00e4r, betont allerdings auch \u201eMit unseren Leuten k\u00f6nnten wir den Boden von Gift und \u00d6l befreien. Wir baggern, doch die Stadt m\u00fcsste Abtransport und Entsorgung \u00fcbernehmen.&#8221; Circa eine halbe Million Euro w\u00fcrden die neuen Betreiber selbst aufbringen und auch auf die Hilfe vieler alter Kollegen bauen k\u00f6nnen, gibt Norbert Witte preis, stellt aber auf die Frage hin, ob er Chef des Ganzen werden w\u00fcrde lachend klar: \u201eNee, das ist mein Schwiegersohn. Von mir kommt Wissen und Erfahrung. Wenn\u2019s l\u00e4uft, gehe ich in Spanien in Rente und er schickt mir regelm\u00e4\u00dfig einen Scheck.\u201c<\/p>\n<div id=\"attachment_25693\" style=\"width: 485px\" class=\"wp-caption aligncenter\"><img loading=\"lazy\" decoding=\"async\" aria-describedby=\"caption-attachment-25693\" class=\"size-full wp-image-25693 colorbox-25702\" alt=\"Andere Fahrgesch\u00e4fte werden aus verst\u00e4ndlichen Gr\u00fcnden wahrscheinlich nicht mehr in Betrieb genommen - hier der Mack-Powered-Coaster Spreeblitz.\" src=\"https:\/\/airtimers.com\/blog\/wp-content\/uploads\/2014\/09\/spreepark_achterbahn.jpg\" width=\"475\" height=\"285\" srcset=\"https:\/\/airtimers.com\/blog\/wp-content\/uploads\/2014\/09\/spreepark_achterbahn.jpg 475w, https:\/\/airtimers.com\/blog\/wp-content\/uploads\/2014\/09\/spreepark_achterbahn-300x180.jpg 300w, https:\/\/airtimers.com\/blog\/wp-content\/uploads\/2014\/09\/spreepark_achterbahn-170x102.jpg 170w, https:\/\/airtimers.com\/blog\/wp-content\/uploads\/2014\/09\/spreepark_achterbahn-240x144.jpg 240w\" sizes=\"auto, (max-width: 475px) 100vw, 475px\" \/><p id=\"caption-attachment-25693\" class=\"wp-caption-text\">Andere Fahrgesch\u00e4fte werden auch bei einem Erfolg Wittes wahrscheinlich nicht mehr in Betrieb genommen &#8211; hier der Mack-Powered-Coaster <em>Spreeblitz<\/em>.<\/p><\/div>\n<p>Und die weiteren Pl\u00e4ne? Sollte dieser Plan nicht in die Tat umgesetzt werden k\u00f6nnen so habe man noch einen Plan B: \u201eWenn wir den Spreepark nicht \u00fcbernehmen d\u00fcrfen, dann wenigstens die alten Fahrgesch\u00e4fte. Wir w\u00fcrden sie restauriert im \u2018Louisiana-Land\u2019 aufbauen. Das Spreepark-Riesenrad feiert dann Comeback in Marzahn.\u201c so der Ehemalige Spreepark-Betreiber, der auch noch einen Plan C ausruft: \u201eLondon hat\u2019s vorgemacht, Berlin braucht auch ein Riesenrad. Und wir vom \u2018Louisiana-Land\u2019 k\u00f6nnten es bis zum Fr\u00fchjahr aufstellen. Es liegt schon bereit, in Holland. 125 Meter hoch, kostet 20 Millionen Euro, die Finanzierung steht. Wir brauchen nur ein Gel\u00e4nde.\u201c und tr\u00e4umt von exklusiven Standorten wie Tiergarten, O2 World N\u00e4he oder dem Hauptbahnhof: \u201eMan k\u00f6nnte es auch direkt in Mitte \u00fcber der Spree errichten und die Schiffe fahren drunter durch. Geht alles, Hauptsache tolle Aussicht.\u201c Ob irgendetwas von alledem je geschieht &#8211; und wenn ja, was &#8211; bleibt abzuwarten. Nur eines ist sicher: Norbert Witte war, ist und bleibt einer der ganz gro\u00dfen Vision\u00e4re aber auch Tr\u00e4umer der Branche.<\/p>\n<p>Bilder Copyright: qcom (<a href=\"https:\/\/creativecommons.org\/licenses\/by-sa\/2.0\/\" target=\"_blank\">CC BY-SA 2.0<\/a>) \/ Tobias Balzer (<a href=\"http:\/\/creativecommons.org\/licenses\/by-sa\/3.0\/deed.en\">CC BY-SA 3.0<\/a>) \/ chris grabert (<a href=\"https:\/\/creativecommons.org\/licenses\/by-sa\/2.0\/\">CC BY-SA 2.0<\/a>)<\/p>\n<fb:like href='https:\/\/airtimers.com\/en\/spreepark-und-witte-comeback-2015\/0025702\/' send='false' layout='standard' show_faces='true' width='450' height='65' action='like' colorscheme='light' font='lucida grande'><\/fb:like>","protected":false},"excerpt":{"rendered":"<p>Wer geglaubt hat, dass durch die \u00dcbernahme des Spreepark-Gel\u00e4ndes durch die Stadt der Name Norbert Witte Geschichte ist in Sachen Spreepark, der hat sich gr\u00fcndlich geirrt, zumindest wenn es nach dem ehemaligen Betreiber selbst geht. Witte, der 1990\/1991 den ehemaligen Kulturpark der DDR \u00fcbernahm und ihn zum neuen modernen Spreepark umgestaltete und diesen bis zu [&hellip;]<\/p>\n","protected":false},"author":16,"featured_media":25692,"comment_status":"open","ping_status":"closed","sticky":false,"template":"","format":"standard","meta":{"footnotes":""},"categories":[3],"tags":[1134,723,1133],"class_list":["post-25702","post","type-post","status-publish","format-standard","has-post-thumbnail","hentry","category-freizeitparks","tag-riesenrad","tag-spreepark","tag-witte"],"_links":{"self":[{"href":"https:\/\/airtimers.com\/en\/wp-json\/wp\/v2\/posts\/25702","targetHints":{"allow":["GET"]}}],"collection":[{"href":"https:\/\/airtimers.com\/en\/wp-json\/wp\/v2\/posts"}],"about":[{"href":"https:\/\/airtimers.com\/en\/wp-json\/wp\/v2\/types\/post"}],"author":[{"embeddable":true,"href":"https:\/\/airtimers.com\/en\/wp-json\/wp\/v2\/users\/16"}],"replies":[{"embeddable":true,"href":"https:\/\/airtimers.com\/en\/wp-json\/wp\/v2\/comments?post=25702"}],"version-history":[{"count":0,"href":"https:\/\/airtimers.com\/en\/wp-json\/wp\/v2\/posts\/25702\/revisions"}],"wp:featuredmedia":[{"embeddable":true,"href":"https:\/\/airtimers.com\/en\/wp-json\/wp\/v2\/media\/25692"}],"wp:attachment":[{"href":"https:\/\/airtimers.com\/en\/wp-json\/wp\/v2\/media?parent=25702"}],"wp:term":[{"taxonomy":"category","embeddable":true,"href":"https:\/\/airtimers.com\/en\/wp-json\/wp\/v2\/categories?post=25702"},{"taxonomy":"post_tag","embeddable":true,"href":"https:\/\/airtimers.com\/en\/wp-json\/wp\/v2\/tags?post=25702"}],"curies":[{"name":"wp","href":"https:\/\/api.w.org\/{rel}","templated":true}]}}