{"id":29928,"date":"2015-04-16T21:10:46","date_gmt":"2015-04-16T19:10:46","guid":{"rendered":"http:\/\/airtimers.com\/?p=29928"},"modified":"2015-04-17T10:50:31","modified_gmt":"2015-04-17T08:50:31","slug":"neues-von-der-pressekonferenz-aus-dem-fort-fun","status":"publish","type":"post","link":"https:\/\/airtimers.com\/en\/neues-von-der-pressekonferenz-aus-dem-fort-fun\/0029928\/","title":{"rendered":"Neues von der Pressekonferenz aus dem Fort Fun!"},"content":{"rendered":"<p>Am gestrigen Mittwoch lud das <em>Fort Fun Abenteuerland<\/em> bei sch\u00f6nstem Wetter zur diesj\u00e4hrigen Pressekonferenz. Alle wichtigen Informationen rund um die Saison 2015 wurden thematisiert, allerdings blickte man auch noch einmal zur\u00fcck auf das recht erfolgreiche vergangene Jahr. Nach freundlichem Empfang pr\u00e4sentierten den geladenen G\u00e4sten Pressesprecherin <em>Christine Sch\u00fctte<\/em> und Gesch\u00e4ftsf\u00fchrer<em> Andreas Sievering<\/em> Daten und Fakten rund um das <em>Fort Fun Abenteuerland<\/em>.<\/p>\n<div id=\"attachment_29930\" style=\"width: 485px\" class=\"wp-caption aligncenter\"><img loading=\"lazy\" decoding=\"async\" aria-describedby=\"caption-attachment-29930\" src=\"https:\/\/airtimers.com\/blog\/wp-content\/uploads\/2015\/04\/IMG_3014-475x285.jpg\" alt=\"Bereits am Eingang strahlen einem die Farben des renovierten Rio Grande entgegen\" width=\"475\" height=\"285\" class=\"size-airtimers-475x285 wp-image-29930 colorbox-29928\" srcset=\"https:\/\/airtimers.com\/blog\/wp-content\/uploads\/2015\/04\/IMG_3014-475x285.jpg 475w, https:\/\/airtimers.com\/blog\/wp-content\/uploads\/2015\/04\/IMG_3014-240x144.jpg 240w\" sizes=\"auto, (max-width: 475px) 100vw, 475px\" \/><p id=\"caption-attachment-29930\" class=\"wp-caption-text\">Bereits am Eingang strahlen einem die Farben des renovierten Rio Grande entgegen<\/p><\/div>\n<p>Unter dem Motto \u201eTierisch anders\u201c pr\u00e4sentiert sich der Park in dieser Saison und dies nat\u00fcrlich nicht ganz grundlos. Denn seit langer Zeit fanden verschiedenste Tiere wieder Einzug in den Familienpark im sauerl\u00e4ndischen Gebirge. Die Vielfalt der Tiere reicht von Sumpfbibern und Minieseln bis hin zu Vierhornschafen oder sogar Lamas, welche beim frisch renovierten Rapid-Ride <em>Rio Grande<\/em> ihr zuhause gefunden haben. Weitere Tiere k\u00f6nnen entdeckungsfreudige Besucher auch im neuen Streichelzoo erleben und wie der Name bereits sagt streicheln und kennenlernen. Doch hierbei handelt es sich nicht nur um einen 08\/15-Streichelzoo, denn man m\u00f6chte den Kindern ein Erlebnis bieten, indem man ihnen die Tiere durch Geschichten n\u00e4her bringt.<\/p>\n<div id=\"attachment_29931\" style=\"width: 485px\" class=\"wp-caption aligncenter\"><img loading=\"lazy\" decoding=\"async\" aria-describedby=\"caption-attachment-29931\" src=\"https:\/\/airtimers.com\/blog\/wp-content\/uploads\/2015\/04\/IMG_3019-475x285.jpg\" alt=\"Pressesprecherin Christine Sch\u00fctte und General Manager Andreas Sievering pr\u00e4sentieren stolz die neuen Lamas\" width=\"475\" height=\"285\" class=\"size-airtimers-475x285 wp-image-29931 colorbox-29928\" srcset=\"https:\/\/airtimers.com\/blog\/wp-content\/uploads\/2015\/04\/IMG_3019-475x285.jpg 475w, https:\/\/airtimers.com\/blog\/wp-content\/uploads\/2015\/04\/IMG_3019-240x144.jpg 240w\" sizes=\"auto, (max-width: 475px) 100vw, 475px\" \/><p id=\"caption-attachment-29931\" class=\"wp-caption-text\">Pressesprecherin Christine Sch\u00fctte und General Manager Andreas Sievering pr\u00e4sentieren stolz die neuen Lamas<\/p><\/div>\n<p>Ebenfalls gab es auch dieses Jahr wieder einige Aufbesserungsarbeiten im kompletten Park, so wurden weitere Fahrrinnen der Wildwasserbahn<em> Wild River<\/em> ausgetauscht, das dort ans\u00e4ssige S\u00e4gewerk wieder zum Laufen gebracht und die Hydraulik beim Top Spin <em>Yukan Raft<\/em> general\u00fcberholt, womit nun eine sanftere Abbremsung beim manuell gesteuerten \u00dcberkopffahrgesch\u00e4ft m\u00f6glich ist. Durch die Verlegung des Kid\u2019s Place vom abgelegenen Bahnhof des Westernzuges an den Parkeingang werden diese nun eher beachtet und werden nicht wie die Jahre zuvor \u00fcbersehen. Dazu gesellt sich ein neues Puppentheater in dem parkbezogene Puppen wie <em>Funny Fux Jr.<\/em> oder der Elch <em>Moose<\/em> mit einer niedlich-lustigen Show nicht nur Kinder zum Lachen bringen!<br \/>\nDoch das ist nat\u00fcrlich nicht die einzige gute Neuigkeit f\u00fcr Show-Liebhaber, so findet die beliebte Westernzug-Show \u201eDas Geheimnis der Silbermine\u201c nun \u00fcber die komplette Saison statt. <\/p>\n<div id=\"attachment_29932\" style=\"width: 485px\" class=\"wp-caption aligncenter\"><img loading=\"lazy\" decoding=\"async\" aria-describedby=\"caption-attachment-29932\" src=\"https:\/\/airtimers.com\/blog\/wp-content\/uploads\/2015\/04\/IMG_3026-475x285.jpg\" alt=\"Nicht nur etwas f\u00fcr die kleinen G\u00e4ste. Auch die Gro\u00dfen haben hier etwas zu lachen - Das neue Puppentheater\" width=\"475\" height=\"285\" class=\"size-airtimers-475x285 wp-image-29932 colorbox-29928\" srcset=\"https:\/\/airtimers.com\/blog\/wp-content\/uploads\/2015\/04\/IMG_3026-475x285.jpg 475w, https:\/\/airtimers.com\/blog\/wp-content\/uploads\/2015\/04\/IMG_3026-240x144.jpg 240w\" sizes=\"auto, (max-width: 475px) 100vw, 475px\" \/><p id=\"caption-attachment-29932\" class=\"wp-caption-text\">Nicht nur etwas f\u00fcr die kleinen G\u00e4ste. Auch die Gro\u00dfen haben hier etwas zu lachen &#8211; Das neue Puppentheater<\/p><\/div>\n<p>Im Sommer veranstaltet der Park die ersten <em>Mexican Nights<\/em>, in denen am Wochenende des 21. und 22. August bei \u00d6ffnungszeiten bis 22 Uhr bei fr\u00f6hlicher Musik, feurigem Essen oder fruchtigen Drinks die bunte Neugestaltung des Rio Grande gefeiert wird. Nat\u00fcrlich darf ebenfalls das preisgekr\u00f6nte Halloween Event <em>Fort Fear Horrorland <\/em>dieses Jahr nicht fehlen. Unter dem Motto \u201eJackie\u2019s H\u00f6llensturz\u201c wird der Park sich auch beim diesj\u00e4hrigen Grusel-Event neu erfinden. Mehr wollte man uns zu diesem Zeitpunkt allerdings nicht verraten. Zu einem weiteren kleinen Geheimnis konnte man allerdings einen Hinweis verlauten. Bereits im letzten Jahr bot man seinen Besuchern in den Sommermonaten das einmalige Erlebnis das Kirmesfahrgesch\u00e4ft <em>Turbo Force<\/em> in luftiger H\u00f6he zu testen. Auch in diesem Sommer wird man wieder etwas f\u00fcr die Besucher bereit halten, allerdings verriet man noch nicht was dort auf uns zukommen wird. Lediglich einen kleinen Hinweis gab es bei der gestrigen Pressekonferenz, welchen wir euch nat\u00fcrlich nicht vorenthalten wollen. Was glaubt ihr k\u00f6nnte uns der Park mit diesem humorvollen Bild sagen wollen? Wir sind gespannt auf eure Meinungen in den Kommentaren.<\/p>\n<div id=\"attachment_29938\" style=\"width: 485px\" class=\"wp-caption aligncenter\"><a href=\"https:\/\/airtimers.com\/blog\/wp-content\/uploads\/2015\/04\/FF.jpg\"><img loading=\"lazy\" decoding=\"async\" aria-describedby=\"caption-attachment-29938\" src=\"https:\/\/airtimers.com\/blog\/wp-content\/uploads\/2015\/04\/FF-475x285.jpg\" alt=\"Welche Attraktion k\u00f6nnte sich dahinter verbergen? Wir sind gespannt auf eure Ideen - Anklicken zum Vergr\u00f6\u00dfern!\" width=\"475\" height=\"285\" class=\"size-airtimers-475x285 wp-image-29938 colorbox-29928\" srcset=\"https:\/\/airtimers.com\/blog\/wp-content\/uploads\/2015\/04\/FF-475x285.jpg 475w, https:\/\/airtimers.com\/blog\/wp-content\/uploads\/2015\/04\/FF-240x144.jpg 240w\" sizes=\"auto, (max-width: 475px) 100vw, 475px\" \/><\/a><p id=\"caption-attachment-29938\" class=\"wp-caption-text\">Welcher Attraktion k\u00f6nnte sich dahinter verbergen? Wir sind gespannt auf eure Ideen &#8211; Anklicken zum Vergr\u00f6\u00dfern!<\/p><\/div>\n<p>Kommen wir nun endlich zur gro\u00dfen Neuheit in diesem Jahr, dem <em>FoXDome<\/em>. Mit einer Investitionssumme von einer knappen halben Millionen Euro ist es das erste nagelneue Fahrgesch\u00e4ft nach dem <em>Wild Eagle<\/em> im Jahre 2004. Der 7D Motion Ride ist der erste Teil des neuen <em>FoxFort<\/em>-Bereiches, welcher der Park in den n\u00e4chsten drei bis f\u00fcnf Jahren \u2013 je nach Umsatz \u2013 verwirklichen m\u00f6chte. Man m\u00f6chte sich damit unabh\u00e4ngiger vom doch recht eigensinnigen Sauerland-Wetter machen und eine m\u00f6gliche Winter\u00f6ffnung in Kombination mit dem Skigebiet nicht ausschlie\u00dfen. Der Interaktive sogenannte <em>XD-Darkride<\/em> aus dem Hause <em>Triotech<\/em> ist der erste Schritt in diese Richtung. Noch etwas versteckt hinter der Familienachterbahn Devils Mine befindet sich das neue Highlight im Park. Zwei verschiedene Filme wird der Park diese Saison pr\u00e4sentieren, welche mit <em>Los Banditos<\/em> (hier befindet man sich im wilden Westen und wird von Roboter-Banditen angegriffen) und <em>The Forbidden Caves<\/em> (eine rasante Fahrt durch eine verbotene Mine) dem Parkthema recht nahe kommen. Trotz der noch recht schlicht gehaltenen Gestaltung &#8211; diese folgt Schritt f\u00fcr Schritt mit dem Aufbau des neuen <em>FoxFort<\/em> &#8211; wird man bereits vor der eigentlichen Attraktion gut auf sein Abenteuer eingestimmt. Auf Bildschirmen werden Highscore-Listen und Onride-Fotos spielender Besucher angezeigt.<\/p>\n<div id=\"attachment_29935\" style=\"width: 485px\" class=\"wp-caption aligncenter\"><img loading=\"lazy\" decoding=\"async\" aria-describedby=\"caption-attachment-29935\" src=\"https:\/\/airtimers.com\/blog\/wp-content\/uploads\/2015\/04\/IMG_3039-475x285.jpg\" alt=\"Der Wartebereich mit Onride-Foto Station\" width=\"475\" height=\"285\" class=\"size-airtimers-475x285 wp-image-29935 colorbox-29928\" srcset=\"https:\/\/airtimers.com\/blog\/wp-content\/uploads\/2015\/04\/IMG_3039-475x285.jpg 475w, https:\/\/airtimers.com\/blog\/wp-content\/uploads\/2015\/04\/IMG_3039-240x144.jpg 240w\" sizes=\"auto, (max-width: 475px) 100vw, 475px\" \/><p id=\"caption-attachment-29935\" class=\"wp-caption-text\">Der Wartebereich mit Onride-Foto Station<\/p><\/div>\n<p>Wenn man nun seine 3D-Brille aufgesetzt, auf einem der recht bequemen Sitze Platz genommen und sich seine Laserpistole geschnappt hat, kann die wilde Punktejagd losgehen. Da jede Pistole eine andere Farbe hat, kann man sie w\u00e4hrend des Spieles gut von seinen Gegnern unterscheiden. Dank der beweglichen Sitze und eingespieltem Wind erh\u00e4lt man ein realeres In-Game-Gef\u00fchl. Dank einem scharfen Bild und gut abgestimmten Bewegungen \u00fcberzeugt die Anlage technisch auf voller Linie. Auch der Aufbau und die Inbetriebnahme lief laut <em>Andreas Sievering<\/em> mehr als reibungslos. Ein Gro\u00dfteil der bereits gefahrenen Besucher ist begeistert von der neuen Investition. Wir sind der Meinung, dass das<em> Fort Fun<\/em> mit dieser Anlage zeigt, dass man nicht das ganz gro\u00dfe Budget braucht, um eine solide, technisch hochwertige Anlage mit gro\u00dfem Suchtpotenzial zu bauen. Selbstverst\u00e4ndlich handelt es sich hierbei sicherlich nicht um die gro\u00dfe Weltsensation, welche der sympathische Park im Herzen des Sauerlandes allerdings auch nicht n\u00f6tig hat. Wir finden, dass man mit dieser Anlage den richtigen Weg gegangen ist und hier etwas geschaffen hat das nicht nur Kinder sondern auch junge Erwachsene oder sogar die Eltern ansprechen wird.<\/p>\n<div id=\"attachment_29937\" style=\"width: 485px\" class=\"wp-caption aligncenter\"><img loading=\"lazy\" decoding=\"async\" aria-describedby=\"caption-attachment-29937\" src=\"https:\/\/airtimers.com\/blog\/wp-content\/uploads\/2015\/04\/a.jpg\" alt=\"Hier wird gespielt! FoXDome ist etwas f\u00fcr die ganze Familie\" width=\"475\" height=\"285\" class=\"size-full wp-image-29937 colorbox-29928\" srcset=\"https:\/\/airtimers.com\/blog\/wp-content\/uploads\/2015\/04\/a.jpg 475w, https:\/\/airtimers.com\/blog\/wp-content\/uploads\/2015\/04\/a-300x180.jpg 300w, https:\/\/airtimers.com\/blog\/wp-content\/uploads\/2015\/04\/a-170x102.jpg 170w, https:\/\/airtimers.com\/blog\/wp-content\/uploads\/2015\/04\/a-240x144.jpg 240w\" sizes=\"auto, (max-width: 475px) 100vw, 475px\" \/><p id=\"caption-attachment-29937\" class=\"wp-caption-text\">Hier wird gespielt! FoXDome ist etwas f\u00fcr die ganze Familie<\/p><\/div>\n<p>Wir w\u00fcnschen dem Park jedenfalls eine erfolgreiche Saison 2015 und hoffen, dass sich der positive Aufw\u00e4rtstrend auch in diesem Jahr fortsetzt und man das angestrebte Ziel von etwa 265.000 Besuchern erreichen wird. Dank Anpassung der \u00d6ffnungszeiten, um W\u00fcnschen von Schulklassen beispielsweise gerechter zu werden, und der stetigen Aufbesserung der alten Anlagen sind wir uns allerdings fast sicher, dass man diesen Meilenstein erreichen wird \u2013 da muss nur noch das Wetter mitspielen.  <\/p>\n<div id='gallery-1' class='vce-gallery gallery galleryid-29928 gallery-columns-3 gallery-size-vce-lay-b'><div class=\"vce-gallery-big\"><div class=\"big-gallery-item item-0\" >\n\t\t\t<div class='gallery-icon'>\n\t\t\t\t<a href='https:\/\/airtimers.com\/blog\/wp-content\/uploads\/2015\/04\/IMG_3040.jpg'><img loading=\"lazy\" decoding=\"async\" width=\"800\" height=\"533\" src=\"https:\/\/airtimers.com\/blog\/wp-content\/uploads\/2015\/04\/IMG_3040.jpg\" class=\"attachment-vce-lay-a size-vce-lay-a colorbox-29928 \" alt=\"\" srcset=\"https:\/\/airtimers.com\/blog\/wp-content\/uploads\/2015\/04\/IMG_3040.jpg 800w, https:\/\/airtimers.com\/blog\/wp-content\/uploads\/2015\/04\/IMG_3040-300x199.jpg 300w, https:\/\/airtimers.com\/blog\/wp-content\/uploads\/2015\/04\/IMG_3040-170x113.jpg 170w\" sizes=\"auto, (max-width: 800px) 100vw, 800px\" \/><\/a>\n\t\t\t<\/div>\n\t\t\t\t<figcaption class='wp-caption-text gallery-caption'>\n\t\t\t\tDer etwas versteckte FoXDome entlastet die Devils Mine am Morgen sowie am Abend \n\t\t\t\t<\/figcaption><\/div><div class=\"big-gallery-item item-1\" style=\"display:none;\">\n\t\t\t<div class='gallery-icon'>\n\t\t\t\t<a href='https:\/\/airtimers.com\/blog\/wp-content\/uploads\/2015\/04\/IMG_3036.jpg'><img loading=\"lazy\" decoding=\"async\" width=\"800\" height=\"533\" src=\"https:\/\/airtimers.com\/blog\/wp-content\/uploads\/2015\/04\/IMG_3036.jpg\" class=\"attachment-vce-lay-a size-vce-lay-a colorbox-29928 \" alt=\"\" srcset=\"https:\/\/airtimers.com\/blog\/wp-content\/uploads\/2015\/04\/IMG_3036.jpg 800w, https:\/\/airtimers.com\/blog\/wp-content\/uploads\/2015\/04\/IMG_3036-300x199.jpg 300w, https:\/\/airtimers.com\/blog\/wp-content\/uploads\/2015\/04\/IMG_3036-170x113.jpg 170w\" sizes=\"auto, (max-width: 800px) 100vw, 800px\" \/><\/a>\n\t\t\t<\/div>\n\t\t\t\t<figcaption class='wp-caption-text gallery-caption'>\n\t\t\t\tDer Eingang zur neuen Attraktion\n\t\t\t\t<\/figcaption><\/div><div class=\"big-gallery-item item-2\" style=\"display:none;\">\n\t\t\t<div class='gallery-icon'>\n\t\t\t\t<a href='https:\/\/airtimers.com\/blog\/wp-content\/uploads\/2015\/04\/IMG_3034.jpg'><img loading=\"lazy\" decoding=\"async\" width=\"800\" height=\"533\" src=\"https:\/\/airtimers.com\/blog\/wp-content\/uploads\/2015\/04\/IMG_3034.jpg\" class=\"attachment-vce-lay-a size-vce-lay-a colorbox-29928 \" alt=\"\" srcset=\"https:\/\/airtimers.com\/blog\/wp-content\/uploads\/2015\/04\/IMG_3034.jpg 800w, https:\/\/airtimers.com\/blog\/wp-content\/uploads\/2015\/04\/IMG_3034-300x199.jpg 300w, https:\/\/airtimers.com\/blog\/wp-content\/uploads\/2015\/04\/IMG_3034-170x113.jpg 170w\" sizes=\"auto, (max-width: 800px) 100vw, 800px\" \/><\/a>\n\t\t\t<\/div>\n\t\t\t\t<figcaption class='wp-caption-text gallery-caption'>\n\t\t\t\tDie beiden Puppen Moose (links) und Funny Fux Jr. (rechts) sowie ihre Puppenspieler\n\t\t\t\t<\/figcaption><\/div><div class=\"big-gallery-item item-3\" style=\"display:none;\">\n\t\t\t<div class='gallery-icon'>\n\t\t\t\t<a href='https:\/\/airtimers.com\/blog\/wp-content\/uploads\/2015\/04\/IMG_3013.jpg'><img loading=\"lazy\" decoding=\"async\" width=\"800\" height=\"533\" src=\"https:\/\/airtimers.com\/blog\/wp-content\/uploads\/2015\/04\/IMG_3013.jpg\" class=\"attachment-vce-lay-a size-vce-lay-a colorbox-29928 \" alt=\"\" srcset=\"https:\/\/airtimers.com\/blog\/wp-content\/uploads\/2015\/04\/IMG_3013.jpg 800w, https:\/\/airtimers.com\/blog\/wp-content\/uploads\/2015\/04\/IMG_3013-300x199.jpg 300w, https:\/\/airtimers.com\/blog\/wp-content\/uploads\/2015\/04\/IMG_3013-170x113.jpg 170w\" sizes=\"auto, (max-width: 800px) 100vw, 800px\" \/><\/a>\n\t\t\t<\/div>\n\t\t\t\t<figcaption class='wp-caption-text gallery-caption'>\n\t\t\t\tDer Au\u00dfenbereich vom Restaurant Nevada Inn wurde ebenfalls renoviert\n\t\t\t\t<\/figcaption><\/div><\/div><div class=\"vce-gallery-slider\" data-columns=\"3\"><figure class='gallery-item' data-item='0'>\n\t\t\t<div class='gallery-icon landscape'>\n\t\t\t\t<a href='https:\/\/airtimers.com\/blog\/wp-content\/uploads\/2015\/04\/IMG_3040.jpg'><img loading=\"lazy\" decoding=\"async\" width=\"293\" height=\"195\" src=\"https:\/\/airtimers.com\/blog\/wp-content\/uploads\/2015\/04\/IMG_3040.jpg\" class=\"attachment-vce-lay-b size-vce-lay-b colorbox-29928 \" alt=\"\" srcset=\"https:\/\/airtimers.com\/blog\/wp-content\/uploads\/2015\/04\/IMG_3040.jpg 800w, https:\/\/airtimers.com\/blog\/wp-content\/uploads\/2015\/04\/IMG_3040-300x199.jpg 300w, https:\/\/airtimers.com\/blog\/wp-content\/uploads\/2015\/04\/IMG_3040-170x113.jpg 170w\" sizes=\"auto, (max-width: 293px) 100vw, 293px\" \/><\/a>\n\t\t\t<\/div><\/figure><figure class='gallery-item' data-item='1'>\n\t\t\t<div class='gallery-icon landscape'>\n\t\t\t\t<a href='https:\/\/airtimers.com\/blog\/wp-content\/uploads\/2015\/04\/IMG_3036.jpg'><img loading=\"lazy\" decoding=\"async\" width=\"293\" height=\"195\" src=\"https:\/\/airtimers.com\/blog\/wp-content\/uploads\/2015\/04\/IMG_3036.jpg\" class=\"attachment-vce-lay-b size-vce-lay-b colorbox-29928 \" alt=\"\" srcset=\"https:\/\/airtimers.com\/blog\/wp-content\/uploads\/2015\/04\/IMG_3036.jpg 800w, https:\/\/airtimers.com\/blog\/wp-content\/uploads\/2015\/04\/IMG_3036-300x199.jpg 300w, https:\/\/airtimers.com\/blog\/wp-content\/uploads\/2015\/04\/IMG_3036-170x113.jpg 170w\" sizes=\"auto, (max-width: 293px) 100vw, 293px\" \/><\/a>\n\t\t\t<\/div><\/figure><figure class='gallery-item' data-item='2'>\n\t\t\t<div class='gallery-icon landscape'>\n\t\t\t\t<a href='https:\/\/airtimers.com\/blog\/wp-content\/uploads\/2015\/04\/IMG_3034.jpg'><img loading=\"lazy\" decoding=\"async\" width=\"293\" height=\"195\" src=\"https:\/\/airtimers.com\/blog\/wp-content\/uploads\/2015\/04\/IMG_3034.jpg\" class=\"attachment-vce-lay-b size-vce-lay-b colorbox-29928 \" alt=\"\" srcset=\"https:\/\/airtimers.com\/blog\/wp-content\/uploads\/2015\/04\/IMG_3034.jpg 800w, https:\/\/airtimers.com\/blog\/wp-content\/uploads\/2015\/04\/IMG_3034-300x199.jpg 300w, https:\/\/airtimers.com\/blog\/wp-content\/uploads\/2015\/04\/IMG_3034-170x113.jpg 170w\" sizes=\"auto, (max-width: 293px) 100vw, 293px\" \/><\/a>\n\t\t\t<\/div><\/figure><figure class='gallery-item' data-item='3'>\n\t\t\t<div class='gallery-icon landscape'>\n\t\t\t\t<a href='https:\/\/airtimers.com\/blog\/wp-content\/uploads\/2015\/04\/IMG_3013.jpg'><img loading=\"lazy\" decoding=\"async\" width=\"293\" height=\"195\" src=\"https:\/\/airtimers.com\/blog\/wp-content\/uploads\/2015\/04\/IMG_3013.jpg\" class=\"attachment-vce-lay-b size-vce-lay-b colorbox-29928 \" alt=\"\" srcset=\"https:\/\/airtimers.com\/blog\/wp-content\/uploads\/2015\/04\/IMG_3013.jpg 800w, https:\/\/airtimers.com\/blog\/wp-content\/uploads\/2015\/04\/IMG_3013-300x199.jpg 300w, https:\/\/airtimers.com\/blog\/wp-content\/uploads\/2015\/04\/IMG_3013-170x113.jpg 170w\" sizes=\"auto, (max-width: 293px) 100vw, 293px\" \/><\/a>\n\t\t\t<\/div><\/figure><\/div><\/div>\n\n<p>Pictures: Copyright Airtimers.com<\/p>\n<fb:like href='https:\/\/airtimers.com\/en\/neues-von-der-pressekonferenz-aus-dem-fort-fun\/0029928\/' send='false' layout='standard' show_faces='true' width='450' height='65' action='like' colorscheme='light' font='lucida grande'><\/fb:like>","protected":false},"excerpt":{"rendered":"<p>Am gestrigen Mittwoch lud das Fort Fun Abenteuerland bei sch\u00f6nstem Wetter zur diesj\u00e4hrigen Pressekonferenz. Alle wichtigen Informationen rund um die Saison 2015 wurden thematisiert, allerdings blickte man auch noch einmal zur\u00fcck auf das recht erfolgreiche vergangene Jahr. Nach freundlichem Empfang pr\u00e4sentierten den geladenen G\u00e4sten Pressesprecherin Christine Sch\u00fctte und Gesch\u00e4ftsf\u00fchrer Andreas Sievering Daten und Fakten rund [&hellip;]<\/p>\n","protected":false},"author":10,"featured_media":29937,"comment_status":"open","ping_status":"closed","sticky":false,"template":"","format":"standard","meta":{"footnotes":""},"categories":[3],"tags":[564,1294],"class_list":["post-29928","post","type-post","status-publish","format-standard","has-post-thumbnail","hentry","category-freizeitparks","tag-fort-fun","tag-pressekonferenz"],"_links":{"self":[{"href":"https:\/\/airtimers.com\/en\/wp-json\/wp\/v2\/posts\/29928","targetHints":{"allow":["GET"]}}],"collection":[{"href":"https:\/\/airtimers.com\/en\/wp-json\/wp\/v2\/posts"}],"about":[{"href":"https:\/\/airtimers.com\/en\/wp-json\/wp\/v2\/types\/post"}],"author":[{"embeddable":true,"href":"https:\/\/airtimers.com\/en\/wp-json\/wp\/v2\/users\/10"}],"replies":[{"embeddable":true,"href":"https:\/\/airtimers.com\/en\/wp-json\/wp\/v2\/comments?post=29928"}],"version-history":[{"count":0,"href":"https:\/\/airtimers.com\/en\/wp-json\/wp\/v2\/posts\/29928\/revisions"}],"wp:featuredmedia":[{"embeddable":true,"href":"https:\/\/airtimers.com\/en\/wp-json\/wp\/v2\/media\/29937"}],"wp:attachment":[{"href":"https:\/\/airtimers.com\/en\/wp-json\/wp\/v2\/media?parent=29928"}],"wp:term":[{"taxonomy":"category","embeddable":true,"href":"https:\/\/airtimers.com\/en\/wp-json\/wp\/v2\/categories?post=29928"},{"taxonomy":"post_tag","embeddable":true,"href":"https:\/\/airtimers.com\/en\/wp-json\/wp\/v2\/tags?post=29928"}],"curies":[{"name":"wp","href":"https:\/\/api.w.org\/{rel}","templated":true}]}}