{"id":32988,"date":"2015-10-01T13:02:09","date_gmt":"2015-10-01T11:02:09","guid":{"rendered":"http:\/\/airtimers.com\/?p=32988"},"modified":"2017-03-16T17:45:19","modified_gmt":"2017-03-16T16:45:19","slug":"hansa-park-zwei-neuheiten-2016","status":"publish","type":"post","link":"https:\/\/airtimers.com\/en\/hansa-park-zwei-neuheiten-2016\/0032988\/","title":{"rendered":"Hansa-Park plant 2016 zwei Neuheiten und rei\u00dft zwei Attraktionen ab"},"content":{"rendered":"<p>Bisher gingen die meisten Freunde des <em>Hansa-Parks<\/em> davon aus, dass 2016 nicht mehr viel im Park passieren wird. Zumindest nicht mehr als die Thematisierung der spektakul\u00e4ren Achterbahnneuheit 2015. <a href=\"https:\/\/airtimers.com\/schwur-des-karnan-hansa-park\/0031443\/\" title=\"Neuheiten-Check: Der Schwur des K\u00e4rnan, Hansa-Park\" target=\"_blank\"><em>Der Schwur des K\u00e4rnan<\/em><\/a>, jetzt schon mit vielen Preisen ausgezeichnet, soll im kommenden Jahr vor allem durch eine <a href=\"http:\/\/www.k\u00e4rnan.de\/de\/alles-ueber-kaernan\/kaernan-der-coaster\/\" target=\"_blank\">einmalige Erz\u00e4hlung<\/a> rund um den Turm und dessen besonderen geschichtlichen Bedeutung noch einmal kr\u00e4ftig aufgewertet und zu einem einzigartigen Gesamterlebnis gestaltet werden. Hier spricht der Park immer von Background und Ride Story. Also eigentlich schon fast eine eigenen Neuheit f\u00fcr den Park am Meer in der kommenden Saison. Wahrscheinlich h\u00e4tten sich alle damit zufrieden gegeben, nachdem der Park, wie schon erw\u00e4hnt, erst vor wenigen Monaten eine weltweit einmalige Achterbahn er\u00f6ffnet hat. Doch nun gab der Park in seinem Newsletter bekannt, dass f\u00fcr die kommenden Saison zwei weitere Neuheiten geplant sind.<\/p>\n<div id=\"attachment_32995\" style=\"width: 610px\" class=\"wp-caption aligncenter\"><img loading=\"lazy\" decoding=\"async\" aria-describedby=\"caption-attachment-32995\" src=\"https:\/\/airtimers.com\/blog\/wp-content\/uploads\/2015\/10\/hansa-park-neuheit-201603.jpg\" alt=\"\" width=\"600\" height=\"569\" class=\"size-full wp-image-32995 colorbox-32988\" srcset=\"https:\/\/airtimers.com\/blog\/wp-content\/uploads\/2015\/10\/hansa-park-neuheit-201603.jpg 600w, https:\/\/airtimers.com\/blog\/wp-content\/uploads\/2015\/10\/hansa-park-neuheit-201603-300x284.jpg 300w, https:\/\/airtimers.com\/blog\/wp-content\/uploads\/2015\/10\/hansa-park-neuheit-201603-170x161.jpg 170w\" sizes=\"auto, (max-width: 600px) 100vw, 600px\" \/><p id=\"caption-attachment-32995\" class=\"wp-caption-text\">Der Schwur des K\u00e4rnan &#8211; hier in seinem Out&#038;Back-Layout &#8211; mit Torre del Mar im Hintergrund<\/p><\/div>\n<p>In der ersten Ank\u00fcndigung hei\u00dft w\u00f6rtlich <em>zwei neue Familienfahrattraktionen<\/em>, zu denen \u00fcber den Winter genauer berichtet wird. Doch in der nahenden Off-Season wird nicht nur erweitert, sondern auch zwei Fahrgesch\u00e4fte verabschieden sich aus dem Park. Zum einen verl\u00e4sst der <em>El Paso Express<\/em> den Park, welcher 1989 als <em>Metroliner Express<\/em> in den Park zog und dann 2006 im Zuge der Mexikothematisierung general\u00fcberholt wurde. Nun nach weiteren zehn Jahren Betrieb, fehlen Ersatzteile um die Attraktion dauerhaft f\u00fcr die Parkg\u00e4ste zufriedenstellend in Betrieb zu halten, war er doch schon f\u00fcr seine Siesta-Minuten bekannt. <\/p>\n<div id=\"attachment_32993\" style=\"width: 610px\" class=\"wp-caption aligncenter\"><img loading=\"lazy\" decoding=\"async\" aria-describedby=\"caption-attachment-32993\" src=\"https:\/\/airtimers.com\/blog\/wp-content\/uploads\/2015\/10\/hansa-park-neuheit-201601.jpg\" alt=\"\" width=\"600\" height=\"338\" class=\"size-full wp-image-32993 colorbox-32988\" srcset=\"https:\/\/airtimers.com\/blog\/wp-content\/uploads\/2015\/10\/hansa-park-neuheit-201601.jpg 600w, https:\/\/airtimers.com\/blog\/wp-content\/uploads\/2015\/10\/hansa-park-neuheit-201601-300x169.jpg 300w, https:\/\/airtimers.com\/blog\/wp-content\/uploads\/2015\/10\/hansa-park-neuheit-201601-170x95.jpg 170w\" sizes=\"auto, (max-width: 600px) 100vw, 600px\" \/><p id=\"caption-attachment-32993\" class=\"wp-caption-text\">Thematisch ist El Paso Express eine Topattraktion im Park &#8211; aber die Zeit nagt am Zug<\/p><\/div>\n<p>Weiterhin wird der 2005 er\u00f6ffnete Star Flyer <em>Torre del Mar<\/em> abgebaut, da es laut Aussage im Newsletter durch den Turmbau des<em> K\u00e4rnans<\/em> zu ver\u00e4nderten Windsituationen an der Attraktionen kommt, die nicht genauer beschreiben werden. Hier dr\u00e4ngt sich kurz die Vermutung auf, dass es sich eventuell um die <a href=\"https:\/\/airtimers.com\/airtimers-wochenruckblick-kw-39-was-passiert-mit-hulk\/0032923\/\" title=\"Airtimers Wochenr\u00fcckblick KW 39 \u2013 Was passiert mit Hulk?\" target=\"_blank\">Neuheit f\u00fcr <em>Terra Mitica<\/em> 2016<\/a> handeln k\u00f6nnte, aber das w\u00e4re an dieser Stelle zu weit hergeholt. Der in \u00d6sterreich von <em>Funtime<\/em> hergestellte Turm war zu seiner Er\u00f6ffnung vor elf Jahren das gr\u00f6\u00dfte Kettenflugkarussell der Welt. Ein Rekord den der Park nur ein Jahr halten konnte, und dennoch blieb die Attraktion mit der einmaligen Aussicht \u00fcber die Ostsee eine der spektakul\u00e4ren Anlagen ihrer Art. <\/p>\n<p><img loading=\"lazy\" decoding=\"async\" src=\"https:\/\/airtimers.com\/blog\/wp-content\/uploads\/2015\/10\/hansa-park-neuheit-201602.jpg\" alt=\"\" width=\"600\" height=\"404\" class=\"aligncenter size-full wp-image-32994 colorbox-32988\" srcset=\"https:\/\/airtimers.com\/blog\/wp-content\/uploads\/2015\/10\/hansa-park-neuheit-201602.jpg 600w, https:\/\/airtimers.com\/blog\/wp-content\/uploads\/2015\/10\/hansa-park-neuheit-201602-300x202.jpg 300w, https:\/\/airtimers.com\/blog\/wp-content\/uploads\/2015\/10\/hansa-park-neuheit-201602-170x114.jpg 170w\" sizes=\"auto, (max-width: 600px) 100vw, 600px\" \/><\/p>\n<p>Letztendlich hei\u00dft es also ein Abschied mit Freudentr\u00e4nen. Spannend f\u00fcr die Fans des Parks wird es wohl bei der Diskussion und Frage nach dem Themenbereich Mexiko, wenn nun zwei Attraktionen den Park verlassen und L\u00fccken hinterlassen. Ob die Neuheiten 2016 diese direkt f\u00fcllen werden oder an anderer Stelle im Park er\u00f6ffnen bleibt abzuwarten, ebenso ob mit dem Bau des <em>K\u00e4rnans <\/em>noch Platz f\u00fcr Mexiko im hinteren Parkbereich ist oder sich hier mit den kommenden Jahren einiges verschiebt. Gratulieren kann man wie fast immer dem Park aber zu seinen st\u00e4ndigen Investitionen und Qualit\u00e4tsanspr\u00fcchen. Wir kommen n\u00e4chstes Jahr also wieder, um gleich drei Neuheiten testen zu d\u00fcrfen. <\/p>\n<p>Bilder \u00a9 Airtimers.com, Hansa-Park und Freizeitparkbiler<\/p>\n<fb:like href='https:\/\/airtimers.com\/en\/hansa-park-zwei-neuheiten-2016\/0032988\/' send='false' layout='standard' show_faces='true' width='450' height='65' action='like' colorscheme='light' font='lucida grande'><\/fb:like>","protected":false},"excerpt":{"rendered":"<p>Bisher gingen die meisten Freunde des Hansa-Parks davon aus, dass 2016 nicht mehr viel im Park passieren wird. Zumindest nicht mehr als die Thematisierung der spektakul\u00e4ren Achterbahnneuheit 2015. Der Schwur des K\u00e4rnan, jetzt schon mit vielen Preisen ausgezeichnet, soll im kommenden Jahr vor allem durch eine einmalige Erz\u00e4hlung rund um den Turm und dessen besonderen [&hellip;]<\/p>\n","protected":false},"author":23,"featured_media":32996,"comment_status":"open","ping_status":"closed","sticky":false,"template":"","format":"standard","meta":{"footnotes":""},"categories":[3],"tags":[1042,401,896,1197],"class_list":["post-32988","post","type-post","status-publish","format-standard","has-post-thumbnail","hentry","category-freizeitparks","tag-1042","tag-hansa-park","tag-karnan","tag-neuheit"],"_links":{"self":[{"href":"https:\/\/airtimers.com\/en\/wp-json\/wp\/v2\/posts\/32988","targetHints":{"allow":["GET"]}}],"collection":[{"href":"https:\/\/airtimers.com\/en\/wp-json\/wp\/v2\/posts"}],"about":[{"href":"https:\/\/airtimers.com\/en\/wp-json\/wp\/v2\/types\/post"}],"author":[{"embeddable":true,"href":"https:\/\/airtimers.com\/en\/wp-json\/wp\/v2\/users\/23"}],"replies":[{"embeddable":true,"href":"https:\/\/airtimers.com\/en\/wp-json\/wp\/v2\/comments?post=32988"}],"version-history":[{"count":0,"href":"https:\/\/airtimers.com\/en\/wp-json\/wp\/v2\/posts\/32988\/revisions"}],"wp:featuredmedia":[{"embeddable":true,"href":"https:\/\/airtimers.com\/en\/wp-json\/wp\/v2\/media\/32996"}],"wp:attachment":[{"href":"https:\/\/airtimers.com\/en\/wp-json\/wp\/v2\/media?parent=32988"}],"wp:term":[{"taxonomy":"category","embeddable":true,"href":"https:\/\/airtimers.com\/en\/wp-json\/wp\/v2\/categories?post=32988"},{"taxonomy":"post_tag","embeddable":true,"href":"https:\/\/airtimers.com\/en\/wp-json\/wp\/v2\/tags?post=32988"}],"curies":[{"name":"wp","href":"https:\/\/api.w.org\/{rel}","templated":true}]}}