{"id":34831,"date":"2016-03-06T19:34:36","date_gmt":"2016-03-06T18:34:36","guid":{"rendered":"http:\/\/airtimers.com\/?p=34831"},"modified":"2020-06-23T14:43:47","modified_gmt":"2020-06-23T12:43:47","slug":"wr-kw-9","status":"publish","type":"post","link":"https:\/\/airtimers.com\/en\/wr-kw-9\/0034831\/","title":{"rendered":"Airtimers Wochenr\u00fcckblick KW 9 \u2013 Harte Arbeit"},"content":{"rendered":"<h3>Achterbahnen<\/h3>\n<ul>\n<li><a href=\"http:\/\/ferrari-land-portaventura.pa-community.com\/fotos\" target=\"_blank\" rel=\"noopener noreferrer\">H\u00f6chste Schiene von Europas zuk\u00fcnftig h\u00f6chster Achterbahn erreicht<\/a><br \/>\nEuropa hat einen neuen Rekordhalter in Sachen H\u00f6he. Die Achterbahn des <em>Ferrari Lands<\/em>, das 2017 als eigenst\u00e4ndiger Teil des <em>Port Aventura Resorts<\/em> er\u00f6ffnen wird, erhielt in der vergangenen Woche ihre h\u00f6chste Schiene. Bis zum Schienenschluss fehlen der Achterbahn jedoch noch wenige Segmente, die Auffahrt zum 112 Meter hohen Top Hat des Launchcoasters ist noch nicht fertiggestellt.\n<\/li>\n<\/ul>\n<div id=\"attachment_34832\" style=\"width: 485px\" class=\"wp-caption aligncenter\"><a href=\"https:\/\/airtimers.com\/blog\/wp-content\/uploads\/2016\/03\/WR-Ferrari.jpg\"><img loading=\"lazy\" decoding=\"async\" aria-describedby=\"caption-attachment-34832\" src=\"https:\/\/airtimers.com\/blog\/wp-content\/uploads\/2016\/03\/WR-Ferrari-475x285.jpg\" alt=\"Die Kuppe ist bereits installiert - Anklicken zum Vergr\u00f6\u00dfern!\" width=\"475\" height=\"285\" class=\"size-airtimers-475x285 wp-image-34832 colorbox-34831\" srcset=\"https:\/\/airtimers.com\/blog\/wp-content\/uploads\/2016\/03\/WR-Ferrari-475x285.jpg 475w, https:\/\/airtimers.com\/blog\/wp-content\/uploads\/2016\/03\/WR-Ferrari-300x180.jpg 300w, https:\/\/airtimers.com\/blog\/wp-content\/uploads\/2016\/03\/WR-Ferrari-170x102.jpg 170w, https:\/\/airtimers.com\/blog\/wp-content\/uploads\/2016\/03\/WR-Ferrari-240x144.jpg 240w, https:\/\/airtimers.com\/blog\/wp-content\/uploads\/2016\/03\/WR-Ferrari.jpg 998w\" sizes=\"auto, (max-width: 475px) 100vw, 475px\" \/><\/a><p id=\"caption-attachment-34832\" class=\"wp-caption-text\">Die Kuppe ist bereits installiert &#8211; Anklicken zum Vergr\u00f6\u00dfern!<\/p><\/div>\n<ul>\n<li><em>Valravn<\/em> feiert Schienenschluss<br \/>\nIn <em>Cedar Point<\/em> hat man einen wichtigen Meilenstein erreicht, <em>Valravn<\/em>, der weltweit h\u00f6chste Dive Coaster feierte Schienenschluss. Bis zur Er\u00f6ffnung gibt es aber noch gen\u00fcgend zu erledigen, wie Adam Pooch, Projektleiter der neuen Rekordachterbahn, auf dem Achterbahnblog best\u00e4tigte. Viel Arbeit steht noch in der Station an, die bislang nur in Grundz\u00fcgen aufgebaut wurde. Letztendlich fehlen auch noch die gesamte Warteschlange und die Gestaltung der Gr\u00fcnanlagen, sowie der Anschluss der Achterbahn an die Elektrik des Parks. Bis zur Er\u00f6ffnung gibt es also noch viel zu tun.\n<\/li>\n<\/ul>\n<div id=\"attachment_34834\" style=\"width: 485px\" class=\"wp-caption aligncenter\"><a href=\"https:\/\/airtimers.com\/blog\/wp-content\/uploads\/2016\/03\/WR-Valravn.jpg\"><img loading=\"lazy\" decoding=\"async\" aria-describedby=\"caption-attachment-34834\" src=\"https:\/\/airtimers.com\/blog\/wp-content\/uploads\/2016\/03\/WR-Valravn-475x285.jpg\" alt=\"Hier wird harte Arbeit geleistet - Anklicken zum Vergr\u00f6\u00dfern!\" width=\"475\" height=\"285\" class=\"size-airtimers-475x285 wp-image-34834 colorbox-34831\" srcset=\"https:\/\/airtimers.com\/blog\/wp-content\/uploads\/2016\/03\/WR-Valravn-475x285.jpg 475w, https:\/\/airtimers.com\/blog\/wp-content\/uploads\/2016\/03\/WR-Valravn-300x179.jpg 300w, https:\/\/airtimers.com\/blog\/wp-content\/uploads\/2016\/03\/WR-Valravn-170x101.jpg 170w, https:\/\/airtimers.com\/blog\/wp-content\/uploads\/2016\/03\/WR-Valravn-240x144.jpg 240w, https:\/\/airtimers.com\/blog\/wp-content\/uploads\/2016\/03\/WR-Valravn.jpg 1000w\" sizes=\"auto, (max-width: 475px) 100vw, 475px\" \/><\/a><p id=\"caption-attachment-34834\" class=\"wp-caption-text\">Hier wird harte Arbeit geleistet &#8211; Anklicken zum Vergr\u00f6\u00dfern!<\/p><\/div>\n<h3>Freizeitparks<\/h3>\n<ul>\n<li>Erste Testfahrten von <em>Skull Island \u2013 Reign of Kong<\/em> beobachtet<br \/>\nLange wird es jetzt nicht mehr dauern. Die Dauerbaustelle <em>Skull Island \u2013 Reign of Kong<\/em> in den <em>Islands of Adventure<\/em> des <em>Universal Resorts Orlando<\/em> k\u00f6nnte schon bald er\u00f6ffnen. In der letzten Woche wurden nun erstmals Testfahrten beobachtet und dabei das Geheimnis um die Wagen der mysteri\u00f6sen Neuheit gel\u00fcftet. Diese sind einem Expeditionswagen nachempfunden, scheinen aber optisch keine au\u00dfergew\u00f6hnlichen F\u00e4higkeiten zu besitzen.\n<\/li>\n<\/ul>\n<ul>\n<li><a href=\"https:\/\/www.sixflags.com\/national\/vr\/overview\" target=\"_blank\" rel=\"noopener noreferrer\"><em>Six Flags<\/em> er\u00f6ffnet 2016 neun VR-Coaster<\/a><br \/>\n<em>Six Flags<\/em>, eine der gr\u00f6\u00dften Betreiberfirmen von Freizeitparks, hat das Potential von VR Coastern erkannt und bringt das Erlebnis in neun ausgew\u00e4hlte Parks der Kette. Zwei unterschiedliche Filme wird <em>Six Flags<\/em> verwenden. Je nach Park wird man als Gast entweder in <em>Superman Virtual Reality Coaster<\/em> an der Seite von Superman Metropolis besch\u00fctzen oder als Co-Pilot eines Kampfjets in <em>The New Revolution<\/em> Aliens bek\u00e4mpfen. Als Technik vertraut man auf die Samsung Gear VR, wie auch der <em>Europa-Park<\/em> in Rust.\n<\/li>\n<\/ul>\n<p><center><iframe loading=\"lazy\" width=\"475\" height=\"267\" src=\"https:\/\/www.youtube.com\/embed\/lLesoJYmJPY\" frameborder=\"0\" allowfullscreen><\/iframe><\/center><\/p>\n<ul>\n<li><em>Nintendo<\/em>-Themenbereich soll bis 2020 in den <em>Universal Studios Japan<\/em> er\u00f6ffnen<br \/>\nAuch bei Universal in Japan wird nicht gekleckert, sondern geklotzt. Denn wie in den Parks in den USA, investiert man auch in Osaka viel Geld f\u00fcr neue Attraktionen und Themenbereiche. Zuletzt erhielten die <em>Universal Studios Japan<\/em> ihre Version der <em>Wizarding World of Harry Potter<\/em> und in ein paar Wochen wird der Jurassic Park-Bereich um einen rekordbrechenden Flying Coaster von <em>B&#038;M<\/em> erweitert. P\u00fcnktlich f\u00fcr die olympischen Sommerspiele in Tokyo hat man sich in Japan nun ein gro\u00dfes Ziel gesetzt. Bis 2020 m\u00f6chte man einen <em>Nintendo<\/em>-Themenbereich er\u00f6ffnen. Ein Bereich mit dem selben Thema ist auch f\u00fcr das Universal Resort in Orlando angedacht, hier kann man aber mit einem fr\u00fcheren Fertigstellungsdatum rechnen.\n<\/li>\n<\/ul>\n<h3>Disney<\/h3>\n<ul>\n<li><a href=\"https:\/\/www.youtube.com\/watch?v=eaPsw4fEDvA\" target=\"_blank\" rel=\"noopener noreferrer\">Mehr Details \u00fcber <em>Rivers of Light<\/em> vorgestellt<\/a><br \/>\nEndlich kennt man das Datum ab dem die erste Abendshow, namens <em>Rivers of Light<\/em>, des <em>Animal Kingdom<\/em> in der <em>Walt Disney World<\/em> dem Publikum pr\u00e4sentiert wird. Ab dem 22. April startet die Licht- und Wassershow. Weitere Details \u00fcber das Erlebnis erkl\u00e4rt Michael Jung, Creative Director bei Walt Disney Imagineering, im folgenden Video:\n<\/li>\n<\/ul>\n<p><center><iframe loading=\"lazy\" width=\"475\" height=\"267\" src=\"https:\/\/www.youtube.com\/embed\/eaPsw4fEDvA\" frameborder=\"0\" allowfullscreen><\/iframe><\/center><\/p>\n<ul>\n<li><a href=\"https:\/\/disneyparks.disney.go.com\/blog\/2016\/03\/disney-planning-two-new-cruise-ships\/?CMP=SOC-FBPAGE20160303163800\" target=\"_blank\" rel=\"noopener noreferrer\"><em>Disney Cruise Line<\/em> l\u00e4sst zwei neue Schiffe bauen<\/a><br \/>\nDie deutsche <em>Meyer Werft<\/em> hat in der letzten Woche einen gro\u00dfen Auftrag an Land gezogen. Die <em>Disney Cruise Line<\/em> erweitert ihre Flotte um zwei gigantische Kreuzfahrtschiffe made in Germany. Das erste soll dann 2021 auf Jungfernfahrt gehen, das andere nur zwei Jahre sp\u00e4ter, n\u00e4mlich 2023. N\u00e4here Details \u00fcber die Schiffe gibt es noch nicht.\n<\/li>\n<\/ul>\n<p>Pictures: Copyright PASpace, Cedar Point<\/p>\n<fb:like href='https:\/\/airtimers.com\/en\/wr-kw-9\/0034831\/' send='false' layout='standard' show_faces='true' width='450' height='65' action='like' colorscheme='light' font='lucida grande'><\/fb:like>","protected":false},"excerpt":{"rendered":"<p>Achterbahnen H\u00f6chste Schiene von Europas zuk\u00fcnftig h\u00f6chster Achterbahn erreicht Europa hat einen neuen Rekordhalter in Sachen H\u00f6he. Die Achterbahn des Ferrari Lands, das 2017 als eigenst\u00e4ndiger Teil des Port Aventura Resorts er\u00f6ffnen wird, erhielt in der vergangenen Woche ihre h\u00f6chste Schiene. Bis zum Schienenschluss fehlen der Achterbahn jedoch noch wenige Segmente, die Auffahrt zum 112 [&hellip;]<\/p>\n","protected":false},"author":14,"featured_media":34833,"comment_status":"open","ping_status":"closed","sticky":false,"template":"","format":"standard","meta":{"footnotes":""},"categories":[1],"tags":[185,1338,1255,1129],"class_list":["post-34831","post","type-post","status-publish","format-standard","has-post-thumbnail","hentry","category-verschiedenes","tag-airtimers-com","tag-fabi","tag-kw-9","tag-wr"],"_links":{"self":[{"href":"https:\/\/airtimers.com\/en\/wp-json\/wp\/v2\/posts\/34831","targetHints":{"allow":["GET"]}}],"collection":[{"href":"https:\/\/airtimers.com\/en\/wp-json\/wp\/v2\/posts"}],"about":[{"href":"https:\/\/airtimers.com\/en\/wp-json\/wp\/v2\/types\/post"}],"author":[{"embeddable":true,"href":"https:\/\/airtimers.com\/en\/wp-json\/wp\/v2\/users\/14"}],"replies":[{"embeddable":true,"href":"https:\/\/airtimers.com\/en\/wp-json\/wp\/v2\/comments?post=34831"}],"version-history":[{"count":0,"href":"https:\/\/airtimers.com\/en\/wp-json\/wp\/v2\/posts\/34831\/revisions"}],"wp:featuredmedia":[{"embeddable":true,"href":"https:\/\/airtimers.com\/en\/wp-json\/wp\/v2\/media\/34833"}],"wp:attachment":[{"href":"https:\/\/airtimers.com\/en\/wp-json\/wp\/v2\/media?parent=34831"}],"wp:term":[{"taxonomy":"category","embeddable":true,"href":"https:\/\/airtimers.com\/en\/wp-json\/wp\/v2\/categories?post=34831"},{"taxonomy":"post_tag","embeddable":true,"href":"https:\/\/airtimers.com\/en\/wp-json\/wp\/v2\/tags?post=34831"}],"curies":[{"name":"wp","href":"https:\/\/api.w.org\/{rel}","templated":true}]}}