{"id":35129,"date":"2016-04-11T18:45:17","date_gmt":"2016-04-11T16:45:17","guid":{"rendered":"http:\/\/airtimers.com\/?p=35129"},"modified":"2017-03-26T12:08:21","modified_gmt":"2017-03-26T10:08:21","slug":"parc-asterix-will-hoch-hinaus-wachstumsprogramm-geplant","status":"publish","type":"post","link":"https:\/\/airtimers.com\/en\/parc-asterix-will-hoch-hinaus-wachstumsprogramm-geplant\/0035129\/","title":{"rendered":"Parc Ast\u00e9rix will hoch hinaus &#8211; Wachstumsprogramm geplant"},"content":{"rendered":"<p>Das Interview, das der erst im Januar berufene neue Chef von <em>Parc Ast\u00e9rix<\/em>, Nicolas Kremer, der franz\u00f6sischen Tourismuszeitschrift <em>L&#8217;Echo Tourisme<\/em> vor einigen Tagen gab, hat deutlich gezeigt, in welche Richtung es gehen soll: Der Freizeitpark, der im letzten Jahr von 1,85 Millionen Besuchern wurde und somit einer der gr\u00f6\u00dferen Parks in Frankreich ist, will in der Zukunft deutlich wachsen. In den kommenden zehn Jahren sollen insgesamt 200 Millionen Euro, also 20 Millionen Euro pro Jahr investiert werden. Zum Vergleich: In den vergangenen zehn Jahren waren es lediglich 100 Millionen Euro.<\/p>\n<p>Der Fokus liegt dabei auf \u00dcbernachtungsg\u00e4ste. Wie Kremer ausf\u00fchrt, besuchen derzeit nur rund 10 Prozent der Besucher den\u00a0<em>Parc Ast\u00e9rix<\/em> f\u00fcr zwei aufeinanderfolgende Tage. Beim Freizeitpark <em>Futuroscope<\/em>, wo Kremer zuvor jahrelang besch\u00e4ftigt war, seien es 60 Prozent gewesen. Deshalb soll nun das bestehende Hotel Troius Hiboux von 100 auf 150 Zimmer erweitert werden \u2013 und es soll auch neu gebaut werden: In den Jahren 2018 und 2019 sollen zwei neue Hotels mit zusammen 2000 Betten und 450 Familienzimmern entstehen. Nach dem Abschluss einer Umweltvertr\u00e4glichkeitsstudie soll hierzu im August dieses Jahres eine Baugenehmigung beantragt werden. Aktuell ist Parc Asterix gem\u00e4\u00df Kremer ein regionaler Park, der seine G\u00e4ste mit einem Fahrzeitradius von einer Stunde und 45 Minuten im Norden Frankreichs akquiriert. Mit dem Fokus auf \u00dcbernachtungsg\u00e4ste soll nun ganz Frankreich und Belgien zur Zielgruppe werden \u2013 und der Park so unter die Top 10 der europ\u00e4ischen Freizeitparks aufschlie\u00dfen.<\/p>\n<div id=\"attachment_35133\" style=\"width: 1034px\" class=\"wp-caption aligncenter\"><img loading=\"lazy\" decoding=\"async\" aria-describedby=\"caption-attachment-35133\" src=\"https:\/\/airtimers.com\/blog\/wp-content\/uploads\/2016\/04\/parc_asterix-discobelix.jpg\" alt=\"\" width=\"1024\" height=\"684\" class=\"size-full wp-image-35133 colorbox-35129\" srcset=\"https:\/\/airtimers.com\/blog\/wp-content\/uploads\/2016\/04\/parc_asterix-discobelix.jpg 1024w, https:\/\/airtimers.com\/blog\/wp-content\/uploads\/2016\/04\/parc_asterix-discobelix-300x200.jpg 300w, https:\/\/airtimers.com\/blog\/wp-content\/uploads\/2016\/04\/parc_asterix-discobelix-170x113.jpg 170w\" sizes=\"auto, (max-width: 1024px) 100vw, 1024px\" \/><p id=\"caption-attachment-35133\" class=\"wp-caption-text\">Die Neuheit ist die Attraktion Disc-Obelix<\/p><\/div>\n<p>Nat\u00fcrlich d\u00fcrften auch Erweiterungen des eigentlichen Parks weiterhin eine Rolle spielen. In diesem Jahr entstand f\u00fcr 3 Millionen Euro der Disc&#8217;O-Coaster <em>Discob\u00e9lix<\/em> von Zamperla; das Schicksal des urspr\u00fcnglich auch f\u00fcr dieses Jahr angek\u00fcndigten Backflash\u00a0<em>Sacr\u00e9s Crocos<\/em> ist indes unklar, in diesem Jahr wird diese Attraktion aber wohl nicht mehr entstehen. Vielleicht ist es ja im n\u00e4chsten Jahr soweit: dann vielleicht zusammen mit einer neuen Achterbahn, die allerdings noch nicht offiziell angek\u00fcndigt wurde, aber Ger\u00fcchten zufolge ein <em>Family Launch Coaster<\/em> von Gerstlauer mit dem Namen <em>P\u00e9gase<\/em> (Pegasus) sein k\u00f6nnte.<\/p>\n<p>Pictures: Copyright Wikimedia-Nutzer Mith (<a href=\"https:\/\/creativecommons.org\/licenses\/by-sa\/3.0\/deed.en\" target=\"_blank\">CC BY-SA 3.0<\/a>, 1) &amp; Parc Ast\u00e9rix (2)<\/p>\n<fb:like href='https:\/\/airtimers.com\/en\/parc-asterix-will-hoch-hinaus-wachstumsprogramm-geplant\/0035129\/' send='false' layout='standard' show_faces='true' width='450' height='65' action='like' colorscheme='light' font='lucida grande'><\/fb:like>","protected":false},"excerpt":{"rendered":"<p>Das Interview, das der erst im Januar berufene neue Chef von Parc Ast\u00e9rix, Nicolas Kremer, der franz\u00f6sischen Tourismuszeitschrift L&#8217;Echo Tourisme vor einigen Tagen gab, hat deutlich gezeigt, in welche Richtung es gehen soll: Der Freizeitpark, der im letzten Jahr von 1,85 Millionen Besuchern wurde und somit einer der gr\u00f6\u00dferen Parks in Frankreich ist, will in [&hellip;]<\/p>\n","protected":false},"author":19,"featured_media":36932,"comment_status":"open","ping_status":"closed","sticky":false,"template":"","format":"standard","meta":{"footnotes":""},"categories":[3],"tags":[166,665,575,1563],"class_list":["post-35129","post","type-post","status-publish","format-standard","has-post-thumbnail","hentry","category-freizeitparks","tag-achterbahn","tag-hotel","tag-parc-asterix","tag-wachstum"],"_links":{"self":[{"href":"https:\/\/airtimers.com\/en\/wp-json\/wp\/v2\/posts\/35129","targetHints":{"allow":["GET"]}}],"collection":[{"href":"https:\/\/airtimers.com\/en\/wp-json\/wp\/v2\/posts"}],"about":[{"href":"https:\/\/airtimers.com\/en\/wp-json\/wp\/v2\/types\/post"}],"author":[{"embeddable":true,"href":"https:\/\/airtimers.com\/en\/wp-json\/wp\/v2\/users\/19"}],"replies":[{"embeddable":true,"href":"https:\/\/airtimers.com\/en\/wp-json\/wp\/v2\/comments?post=35129"}],"version-history":[{"count":0,"href":"https:\/\/airtimers.com\/en\/wp-json\/wp\/v2\/posts\/35129\/revisions"}],"wp:featuredmedia":[{"embeddable":true,"href":"https:\/\/airtimers.com\/en\/wp-json\/wp\/v2\/media\/36932"}],"wp:attachment":[{"href":"https:\/\/airtimers.com\/en\/wp-json\/wp\/v2\/media?parent=35129"}],"wp:term":[{"taxonomy":"category","embeddable":true,"href":"https:\/\/airtimers.com\/en\/wp-json\/wp\/v2\/categories?post=35129"},{"taxonomy":"post_tag","embeddable":true,"href":"https:\/\/airtimers.com\/en\/wp-json\/wp\/v2\/tags?post=35129"}],"curies":[{"name":"wp","href":"https:\/\/api.w.org\/{rel}","templated":true}]}}