{"id":35777,"date":"2016-06-30T17:18:13","date_gmt":"2016-06-30T15:18:13","guid":{"rendered":"http:\/\/airtimers.com\/?p=35777"},"modified":"2016-07-11T01:02:28","modified_gmt":"2016-07-10T23:02:28","slug":"kolmarden-wildfire-rmc","status":"publish","type":"post","link":"https:\/\/airtimers.com\/en\/kolmarden-wildfire-rmc\/0035777\/","title":{"rendered":"Rocky Mountain Constructions Wildfire in Kolm\u00e5rden \u2013 Ein Vorbericht"},"content":{"rendered":"<p>Vor zwei Wochen nahmen wir euch mit auf die <a title=\"Erstes POV der besten Holzachterbahn der Welt: Kolm\u00e5rdens Wildfire l\u00e4uft\" href=\"https:\/\/airtimers.com\/wildfire-pov\/0035678\/\" target=\"_blank\">erste Fahrt von <em>Wildfire<\/em><\/a>. Danach machten wir uns auf den Weg f\u00fcr einen <a href=\"https:\/\/airtimers.com\/category\/verschiedenes\/neuheiten-check\/\" target=\"_blank\"><em>Airtimers.com<\/em> Neuheiten-Check<\/a>. Als wir am letzten Mittwoch vor der Bahn standen, stand sie ebenfalls. Das Waldfeuer wollte einfach nicht entz\u00fcnden. Dennoch haben wir mit Leuten gesprochen, die die Bahn bereits gefahren sind und haben uns auf eine Expedition durch <em>Kolm\u00e5rden<\/em> begeben, um einen ersten Blick auf die <a href=\"https:\/\/airtimers.com\/wildfire-rmc\/0023257\/\" title=\"Geheimnis gel\u00fcftet \u2013 Wildfire wird Europas erste RMC-Achterbahn\" target=\"_blank\">Premieren-Achterbahn<\/a> von <em>Rocky Mountain Construction<\/em> in Europa zu werfen.<\/p>\n<div id=\"attachment_35786\" style=\"width: 485px\" class=\"wp-caption aligncenter\"><a href=\"https:\/\/airtimers.com\/blog\/wp-content\/uploads\/2016\/06\/Wildfire-Kolmarden-Preview-Review-RMC_01.jpg\"><img loading=\"lazy\" decoding=\"async\" aria-describedby=\"caption-attachment-35786\" class=\"size-airtimers-475x285 wp-image-35786 colorbox-35777\" alt=\"Auch ohne Wildfire einen Besuch wert: Kolm\u00e5rden \" src=\"https:\/\/airtimers.com\/blog\/wp-content\/uploads\/2016\/06\/Wildfire-Kolmarden-Preview-Review-RMC_01-475x285.jpg\" width=\"475\" height=\"285\" srcset=\"https:\/\/airtimers.com\/blog\/wp-content\/uploads\/2016\/06\/Wildfire-Kolmarden-Preview-Review-RMC_01-475x285.jpg 475w, https:\/\/airtimers.com\/blog\/wp-content\/uploads\/2016\/06\/Wildfire-Kolmarden-Preview-Review-RMC_01-240x144.jpg 240w\" sizes=\"auto, (max-width: 475px) 100vw, 475px\" \/><\/a><p id=\"caption-attachment-35786\" class=\"wp-caption-text\">Auch ohne Wildfire einen Besuch wert: Kolm\u00e5rden<\/p><\/div>\n<p>Wenn diese Achterbahn \u2013 auch ohne in Betrieb zu sein \u2013 etwas kann, dann unglaublich gut aussehen. Bis auf den Lift mit Aussichtskurve und First Drop, sowie der Zero-G-Roll und der Outside-Banked-Curve, verschwindet die Bahn komplett in den tiefen W\u00e4ldern des Parks und zieht ihre Runden um das massive Urgestein auf dem sich auch der ganze Park vollstreckt. Zwischen Delfinshowarena, Tigerwelt und diversen Freigehegeanlagen mit einer \u00fcber zwei Kilometer langen Seilbahn, liegt der neue Stolz von <em>Kolm\u00e5rden<\/em>. Dennoch sieht man die Bahn erst, wenn man \u00fcber die H\u00e4lfte des Parks hinter sich gelassen hat, denn der reine Fu\u00dfweg vom Haupteingang zu Wildfire betr\u00e4gt gut 15 bis 20 Minuten.<\/p>\n<div id=\"attachment_35835\" style=\"width: 485px\" class=\"wp-caption aligncenter\"><a href=\"https:\/\/airtimers.com\/blog\/wp-content\/uploads\/2016\/06\/Wildfire-Kolmarden-Review-RMC_01.jpg\"><img loading=\"lazy\" decoding=\"async\" aria-describedby=\"caption-attachment-35835\" src=\"https:\/\/airtimers.com\/blog\/wp-content\/uploads\/2016\/06\/Wildfire-Kolmarden-Review-RMC_01-475x285.jpg\" alt=\"Wenn man den k\u00fcrzesten Weg w\u00e4hlt, begegnet man Wildfire so das erste Mal\" width=\"475\" height=\"285\" class=\"size-airtimers-475x285 wp-image-35835 colorbox-35777\" srcset=\"https:\/\/airtimers.com\/blog\/wp-content\/uploads\/2016\/06\/Wildfire-Kolmarden-Review-RMC_01-475x285.jpg 475w, https:\/\/airtimers.com\/blog\/wp-content\/uploads\/2016\/06\/Wildfire-Kolmarden-Review-RMC_01-300x181.jpg 300w, https:\/\/airtimers.com\/blog\/wp-content\/uploads\/2016\/06\/Wildfire-Kolmarden-Review-RMC_01-170x102.jpg 170w, https:\/\/airtimers.com\/blog\/wp-content\/uploads\/2016\/06\/Wildfire-Kolmarden-Review-RMC_01-240x144.jpg 240w\" sizes=\"auto, (max-width: 475px) 100vw, 475px\" \/><\/a><p id=\"caption-attachment-35835\" class=\"wp-caption-text\">Wenn man den k\u00fcrzesten Weg w\u00e4hlt, begegnet man Wildfire so das erste Mal<\/p><\/div>\n<div id=\"attachment_35783\" style=\"width: 485px\" class=\"wp-caption aligncenter\"><a href=\"https:\/\/airtimers.com\/blog\/wp-content\/uploads\/2016\/06\/Wildfire-Kolmarden-Preview-Review-RMC_08.jpg\"><img loading=\"lazy\" decoding=\"async\" aria-describedby=\"caption-attachment-35783\" class=\"size-airtimers-475x285 wp-image-35783 colorbox-35777\" alt=\"Tief in schwedischen W\u00e4ldern \u2013 hier mit Sicht aus der Safari-Seilbahn \" src=\"https:\/\/airtimers.com\/blog\/wp-content\/uploads\/2016\/06\/Wildfire-Kolmarden-Preview-Review-RMC_08-475x285.jpg\" width=\"475\" height=\"285\" srcset=\"https:\/\/airtimers.com\/blog\/wp-content\/uploads\/2016\/06\/Wildfire-Kolmarden-Preview-Review-RMC_08-475x285.jpg 475w, https:\/\/airtimers.com\/blog\/wp-content\/uploads\/2016\/06\/Wildfire-Kolmarden-Preview-Review-RMC_08-240x144.jpg 240w\" sizes=\"auto, (max-width: 475px) 100vw, 475px\" \/><\/a><p id=\"caption-attachment-35783\" class=\"wp-caption-text\">Tief in schwedischen W\u00e4ldern \u2013 hier mit Sicht aus der Safari-Seilbahn<\/p><\/div>\n<p>Wenn man diesen Weg genommen hat, f\u00fchlt man sich wie einst David in seinem Kampf gegen Goliath. Doch auch hier sollte jeder Parkbesucher den Kampf aufnehmen und am Ende die Sieges- und Gl\u00fccksgef\u00fchle mit nach Hause nehmen k\u00f6nnen. Denn mit <em>Wildfire <\/em>liegen jetzt 1.265 Meter Strecke vor jedem Gast. Es geht aus 142 Metern H\u00f6he \u00fcber dem sichtbaren Meeresspiegel 56 Meter steil, genauer gesagt mit 83 Grad Gef\u00e4lle, bergab. Mit 115 Stundenkilometern saust man nun durch drei Inversionen, acht <em>RMC<\/em>-typischen Spezialfiguren und federt das Gesamtgewicht des Zuges auf 1.200 Kubikmeter Holz, dass mit 130.000 Schrauben zusammengehalten wird. Hierf\u00fcr haben die Mitarbeiter von <em>Holmen<\/em>, <em>Vekoma<\/em> und <em>RMC<\/em> zusammen im Auftrag von <em>Parks und Resorts Scandinavia<\/em> ein gemeinsames Meisterwerk erschaffen. Und das schon f\u00fcr Kinder und Jugendliche ab 1,20 Meter K\u00f6rpergr\u00f6\u00dfe.<\/p>\n<div id=\"attachment_35836\" style=\"width: 485px\" class=\"wp-caption aligncenter\"><a href=\"https:\/\/airtimers.com\/blog\/wp-content\/uploads\/2016\/06\/Wildfire-Kolmarden-Review-RMC_02.jpg\"><img loading=\"lazy\" decoding=\"async\" aria-describedby=\"caption-attachment-35836\" src=\"https:\/\/airtimers.com\/blog\/wp-content\/uploads\/2016\/06\/Wildfire-Kolmarden-Review-RMC_02-475x285.jpg\" alt=\"Ein Blick in die Station. Hier wird sich bei Abfahrt des Zuges einiges bewegen\" width=\"475\" height=\"285\" class=\"size-airtimers-475x285 wp-image-35836 colorbox-35777\" srcset=\"https:\/\/airtimers.com\/blog\/wp-content\/uploads\/2016\/06\/Wildfire-Kolmarden-Review-RMC_02-475x285.jpg 475w, https:\/\/airtimers.com\/blog\/wp-content\/uploads\/2016\/06\/Wildfire-Kolmarden-Review-RMC_02-240x144.jpg 240w\" sizes=\"auto, (max-width: 475px) 100vw, 475px\" \/><\/a><p id=\"caption-attachment-35836\" class=\"wp-caption-text\">Ein Blick in die Station. Hier wird sich bei Abfahrt des Zuges einiges bewegen<\/p><\/div>\n<div id=\"attachment_35788\" style=\"width: 485px\" class=\"wp-caption aligncenter\"><a href=\"https:\/\/airtimers.com\/blog\/wp-content\/uploads\/2016\/06\/Wildfire-Kolmarden-Preview-Review-RMC_03.jpg\"><img loading=\"lazy\" decoding=\"async\" aria-describedby=\"caption-attachment-35788\" class=\"size-airtimers-475x285 wp-image-35788 colorbox-35777\" alt=\"Europ\u00e4ischer Partner f\u00fcr RMC: Vekoma\" src=\"https:\/\/airtimers.com\/blog\/wp-content\/uploads\/2016\/06\/Wildfire-Kolmarden-Preview-Review-RMC_03-475x285.jpg\" width=\"475\" height=\"285\" srcset=\"https:\/\/airtimers.com\/blog\/wp-content\/uploads\/2016\/06\/Wildfire-Kolmarden-Preview-Review-RMC_03-475x285.jpg 475w, https:\/\/airtimers.com\/blog\/wp-content\/uploads\/2016\/06\/Wildfire-Kolmarden-Preview-Review-RMC_03-240x144.jpg 240w\" sizes=\"auto, (max-width: 475px) 100vw, 475px\" \/><\/a><p id=\"caption-attachment-35788\" class=\"wp-caption-text\">Europ\u00e4ischer Partner f\u00fcr RMC: Vekoma<\/p><\/div>\n<p>Zu unserem Besuch war die Queue-Line noch im Bau. Sie fasst 1.000 bis 1.500 <em>Wildfire<\/em>-G\u00e4ste und schl\u00e4ngelt sich direkt an und unter der Bahn entlang. Bei einer Kapazit\u00e4t von maximal 960 Personen pro Stunde, muss also keiner l\u00e4nger als 90 Minuten anstehen. Am Wegesrand von Queue und den normalen Parkwegen finden sich einige Thematisierungelemente die den ganzen Bereich um <em>Wildfire <\/em>abrunden. Dabei ist die Bahn viel weiter begehbar als man vielleicht denken sollte. \u00dcber 70 Prozent der Au\u00dfenlinien der Bahn lassen sich abgehen und versprechen vielfache Fotom\u00f6glichkeiten. Der gr\u00fcne und der schwarz-graue Zug, jeweils mit ihren blendend-roten Sitzschalen, lassen dabei an allen Positionen das Gesamtkunstwerk <em>Wildfire<\/em> aufbl\u00fchen und erwecken es zum Leben.<\/p>\n<div id=\"attachment_35787\" style=\"width: 485px\" class=\"wp-caption aligncenter\"><a href=\"https:\/\/airtimers.com\/blog\/wp-content\/uploads\/2016\/06\/Wildfire-Kolmarden-Preview-Review-RMC_02.jpg\"><img loading=\"lazy\" decoding=\"async\" aria-describedby=\"caption-attachment-35787\" class=\"size-airtimers-475x285 wp-image-35787 colorbox-35777\" alt=\"Wenn es doch einmal zu hei\u00df werden sollte\" src=\"https:\/\/airtimers.com\/blog\/wp-content\/uploads\/2016\/06\/Wildfire-Kolmarden-Preview-Review-RMC_02-475x285.jpg\" width=\"475\" height=\"285\" srcset=\"https:\/\/airtimers.com\/blog\/wp-content\/uploads\/2016\/06\/Wildfire-Kolmarden-Preview-Review-RMC_02-475x285.jpg 475w, https:\/\/airtimers.com\/blog\/wp-content\/uploads\/2016\/06\/Wildfire-Kolmarden-Preview-Review-RMC_02-240x144.jpg 240w\" sizes=\"auto, (max-width: 475px) 100vw, 475px\" \/><\/a><p id=\"caption-attachment-35787\" class=\"wp-caption-text\">Wenn es doch einmal zu hei\u00df werden sollte<\/p><\/div>\n<p>An dieser Stelle w\u00fcrden wir gern selbst \u00fcber das Fahrgef\u00fchl sprechen, doch da Sicherheit vor Spa\u00df geht, unterlagen auch wir dem Stillstand der Bahn im Rahmen der n\u00f6tigen Umbauma\u00dfnahmen der Schlie\u00dfzylinder. Daf\u00fcr haben wir folgende Stimmen von Angestellten und Technikern des Parks sowie der Gruppe <em>Parks and Resorts Scandinavia<\/em> einfangen k\u00f6nnen:<\/p>\n<p style=\"padding-left: 30px;\">\n<em>\u2013 &#8220;Die Fahrt ist unglaublich. Ich war noch nie zuvor auf einer solch gro\u00dfen Achterbahn und hatte etwas Angst vor dem Holz. Danach [nach der ersten Fahrt, A.d.R.] wollte ich nicht mehr aussteigen und direkt wieder auf den Lift.&#8221;<br \/>\n\u2013 &#8220;Die Bahn ist unglaublich schnell. Man kommt kaum zum Luft holen, aber im h\u00f6chst positiven Sinn. Und erst nach meiner dritten Fahrt konnte ich erste alle Elemente wirklich zusammenbringen.&#8221;<br \/>\n<\/em>\u2013 Auf die Frage wie sich die Aussichtskurve mit dem anschlie\u00dfenden ersten Drop anf\u00fchlt:<em> &#8220;Es ist ein unglaubliches Gef\u00fchl. Bevor man \u00fcberhaupt realisiert, dass es bergab geht, befindet man sich auf dem n\u00e4chsten H\u00fcgel schon \u00fcber Kopf und beim n\u00e4chsten Augenschlag rast man schon wieder an B\u00e4umen vorbei. Unbeschreiblich!&#8221;<br \/>\n\u2013 &#8220;Diese erste Fahrt werde ich nie vergessen. Ich habe mich so verliebt in diese Achterbahn, dass ich jeden Arbeitstag jetzt mit einer Fahrt beginnen werde.&#8221;<br \/>\n\u2013 &#8220;Einfach fantastisch. Einmalig und unbeschreiblich.&#8221; <\/em><\/p>\n<div id=\"attachment_35789\" style=\"width: 485px\" class=\"wp-caption aligncenter\"><a href=\"https:\/\/airtimers.com\/blog\/wp-content\/uploads\/2016\/06\/Wildfire-Kolmarden-Preview-Review-RMC_04.jpg\"><img loading=\"lazy\" decoding=\"async\" aria-describedby=\"caption-attachment-35789\" class=\"size-airtimers-475x285 wp-image-35789 colorbox-35777\" alt=\"Auffahrt...\" src=\"https:\/\/airtimers.com\/blog\/wp-content\/uploads\/2016\/06\/Wildfire-Kolmarden-Preview-Review-RMC_04-475x285.jpg\" width=\"475\" height=\"285\" srcset=\"https:\/\/airtimers.com\/blog\/wp-content\/uploads\/2016\/06\/Wildfire-Kolmarden-Preview-Review-RMC_04-475x285.jpg 475w, https:\/\/airtimers.com\/blog\/wp-content\/uploads\/2016\/06\/Wildfire-Kolmarden-Preview-Review-RMC_04-240x144.jpg 240w\" sizes=\"auto, (max-width: 475px) 100vw, 475px\" \/><\/a><p id=\"caption-attachment-35789\" class=\"wp-caption-text\">Auffahrt&#8230;<\/p><\/div>\n<div id=\"attachment_35782\" style=\"width: 485px\" class=\"wp-caption aligncenter\"><a href=\"https:\/\/airtimers.com\/blog\/wp-content\/uploads\/2016\/06\/Wildfire-Kolmarden-Preview-Review-RMC_07.jpg\"><img loading=\"lazy\" decoding=\"async\" aria-describedby=\"caption-attachment-35782\" class=\"size-airtimers-475x285 wp-image-35782 colorbox-35777\" alt=\"...und Abfahrt. \" src=\"https:\/\/airtimers.com\/blog\/wp-content\/uploads\/2016\/06\/Wildfire-Kolmarden-Preview-Review-RMC_07-475x285.jpg\" width=\"475\" height=\"285\" \/><\/a><p id=\"caption-attachment-35782\" class=\"wp-caption-text\">&#8230;und Abfahrt.<\/p><\/div>\n<p>Seit vorgestern, den 28. Juli 2016, l\u00e4uft <em>Wildfire<\/em> regul\u00e4r f\u00fcr alle Besucher in den schwedischen W\u00e4ldern. <em>RMC<\/em> und der Park haben alles m\u00f6gliche getan, die Bahn trotz aller Umst\u00e4nde so schnell wie m\u00f6glich zu er\u00f6ffnen. F\u00fcr uns hei\u00dft das nun einfach: Wiederkommen. Und das werden wir tun, versprochen.<\/p>\n<div id=\"attachment_35780\" style=\"width: 485px\" class=\"wp-caption aligncenter\"><a href=\"https:\/\/airtimers.com\/blog\/wp-content\/uploads\/2016\/06\/Wildfire-Kolmarden-Preview-Review-RMC_05.jpg\"><img loading=\"lazy\" decoding=\"async\" aria-describedby=\"caption-attachment-35780\" class=\"size-airtimers-475x285 wp-image-35780 colorbox-35777\" alt=\"Wir kommen wieder, versprochen. \" src=\"https:\/\/airtimers.com\/blog\/wp-content\/uploads\/2016\/06\/Wildfire-Kolmarden-Preview-Review-RMC_05-475x285.jpg\" width=\"475\" height=\"285\" srcset=\"https:\/\/airtimers.com\/blog\/wp-content\/uploads\/2016\/06\/Wildfire-Kolmarden-Preview-Review-RMC_05-475x285.jpg 475w, https:\/\/airtimers.com\/blog\/wp-content\/uploads\/2016\/06\/Wildfire-Kolmarden-Preview-Review-RMC_05-240x144.jpg 240w\" sizes=\"auto, (max-width: 475px) 100vw, 475px\" \/><\/a><p id=\"caption-attachment-35780\" class=\"wp-caption-text\">Wir kommen wieder, versprochen.<\/p><\/div>\n<p>Zum Abschluss haben wir noch ein kleines Gewinnspiel f\u00fcr euch. Da wir wissen das es viele Sammler von Parkpl\u00e4nen gibt, verlosen wir zw\u00f6lfmal zwei <em>Kolm\u00e5rden<\/em>-Parkpl\u00e4ne \u2013 etwa so, wie die G\u00e4ste in den Z\u00fcgen von <em>Wildfire<\/em> sitzen. [&#8230;] <em>A.d.R.:<\/em> Das Gewinnspiel ist beendet und die Gewinner haben wir <a href=\"https:\/\/airtimers.com\/wochenruckblick-europa-meister-em\/0036068\/\" title=\"Airtimers Wochenr\u00fcckblick KW 27 \u2013 Meisterlich, Europa (auch ohne Portugal-News)\" target=\"_blank\">hier ver\u00f6ffentlicht<\/a>. Herzlichen Gl\u00fcckwunsch!<\/p>\n<div id=\"attachment_35781\" style=\"width: 485px\" class=\"wp-caption aligncenter\"><a href=\"https:\/\/airtimers.com\/blog\/wp-content\/uploads\/2016\/06\/Wildfire-Kolmarden-Preview-Review-RMC_06.jpg\"><img loading=\"lazy\" decoding=\"async\" aria-describedby=\"caption-attachment-35781\" class=\"size-airtimers-475x285 wp-image-35781 colorbox-35777\" alt=\"Ein Sicht wie bei kaum einer anderen Bahn der Welt\" src=\"https:\/\/airtimers.com\/blog\/wp-content\/uploads\/2016\/06\/Wildfire-Kolmarden-Preview-Review-RMC_06-475x285.jpg\" width=\"475\" height=\"285\" srcset=\"https:\/\/airtimers.com\/blog\/wp-content\/uploads\/2016\/06\/Wildfire-Kolmarden-Preview-Review-RMC_06-475x285.jpg 475w, https:\/\/airtimers.com\/blog\/wp-content\/uploads\/2016\/06\/Wildfire-Kolmarden-Preview-Review-RMC_06-240x144.jpg 240w\" sizes=\"auto, (max-width: 475px) 100vw, 475px\" \/><\/a><p id=\"caption-attachment-35781\" class=\"wp-caption-text\">Ein Sicht wie bei kaum einer anderen Bahn der Welt<\/p><\/div>\n<div id=\"attachment_35837\" style=\"width: 485px\" class=\"wp-caption aligncenter\"><a href=\"https:\/\/airtimers.com\/blog\/wp-content\/uploads\/2016\/06\/Wildfire-Kolmarden-Review-RMC_03.jpg\"><img loading=\"lazy\" decoding=\"async\" aria-describedby=\"caption-attachment-35837\" src=\"https:\/\/airtimers.com\/blog\/wp-content\/uploads\/2016\/06\/Wildfire-Kolmarden-Review-RMC_03-475x285.jpg\" alt=\"(Alle Bilder im Beitrag k\u00f6nnen durch anklicken vergr\u00f6\u00dfert werden)\" width=\"475\" height=\"285\" class=\"size-airtimers-475x285 wp-image-35837 colorbox-35777\" srcset=\"https:\/\/airtimers.com\/blog\/wp-content\/uploads\/2016\/06\/Wildfire-Kolmarden-Review-RMC_03-475x285.jpg 475w, https:\/\/airtimers.com\/blog\/wp-content\/uploads\/2016\/06\/Wildfire-Kolmarden-Review-RMC_03-240x144.jpg 240w\" sizes=\"auto, (max-width: 475px) 100vw, 475px\" \/><\/a><p id=\"caption-attachment-35837\" class=\"wp-caption-text\">(Alle Bilder im Beitrag k\u00f6nnen durch anklicken vergr\u00f6\u00dfert werden)<\/p><\/div>\n<p><span style=\"color: #888888;\">Fotos \u00a9 Eric Christopher Straube<\/span><br \/>\n<span style=\"color: #888888;\">Ein Dank geht an FUNtours und onride.de, f\u00fcr die M\u00f6glichkeit der Gespr\u00e4che mit den Angestellten.<\/span><\/p>\n<fb:like href='https:\/\/airtimers.com\/en\/kolmarden-wildfire-rmc\/0035777\/' send='false' layout='standard' show_faces='true' width='450' height='65' action='like' colorscheme='light' font='lucida grande'><\/fb:like>","protected":false},"excerpt":{"rendered":"<p>Vor zwei Wochen nahmen wir euch mit auf die erste Fahrt von Wildfire. Danach machten wir uns auf den Weg f\u00fcr einen Airtimers.com Neuheiten-Check. Als wir am letzten Mittwoch vor der Bahn standen, stand sie ebenfalls. Das Waldfeuer wollte einfach nicht entz\u00fcnden. Dennoch haben wir mit Leuten gesprochen, die die Bahn bereits gefahren sind und [&hellip;]<\/p>\n","protected":false},"author":23,"featured_media":35778,"comment_status":"open","ping_status":"closed","sticky":false,"template":"","format":"standard","meta":{"footnotes":""},"categories":[45,309],"tags":[1042,166,1026,1197,1128,1471,1591,168,1027],"class_list":["post-35777","post","type-post","status-publish","format-standard","has-post-thumbnail","hentry","category-achterbahnen","category-top-news","tag-1042","tag-achterbahn","tag-kolmarden","tag-neuheit","tag-rmc","tag-rocky-mountain-construction","tag-schweden","tag-vekoma","tag-wildfire"],"_links":{"self":[{"href":"https:\/\/airtimers.com\/en\/wp-json\/wp\/v2\/posts\/35777","targetHints":{"allow":["GET"]}}],"collection":[{"href":"https:\/\/airtimers.com\/en\/wp-json\/wp\/v2\/posts"}],"about":[{"href":"https:\/\/airtimers.com\/en\/wp-json\/wp\/v2\/types\/post"}],"author":[{"embeddable":true,"href":"https:\/\/airtimers.com\/en\/wp-json\/wp\/v2\/users\/23"}],"replies":[{"embeddable":true,"href":"https:\/\/airtimers.com\/en\/wp-json\/wp\/v2\/comments?post=35777"}],"version-history":[{"count":0,"href":"https:\/\/airtimers.com\/en\/wp-json\/wp\/v2\/posts\/35777\/revisions"}],"wp:featuredmedia":[{"embeddable":true,"href":"https:\/\/airtimers.com\/en\/wp-json\/wp\/v2\/media\/35778"}],"wp:attachment":[{"href":"https:\/\/airtimers.com\/en\/wp-json\/wp\/v2\/media?parent=35777"}],"wp:term":[{"taxonomy":"category","embeddable":true,"href":"https:\/\/airtimers.com\/en\/wp-json\/wp\/v2\/categories?post=35777"},{"taxonomy":"post_tag","embeddable":true,"href":"https:\/\/airtimers.com\/en\/wp-json\/wp\/v2\/tags?post=35777"}],"curies":[{"name":"wp","href":"https:\/\/api.w.org\/{rel}","templated":true}]}}