{"id":37461,"date":"2018-06-07T12:25:45","date_gmt":"2018-06-07T10:25:45","guid":{"rendered":"http:\/\/airtimers.com\/?p=37461"},"modified":"2018-06-10T06:55:30","modified_gmt":"2018-06-10T04:55:30","slug":"piraten-in-batavia-2-0","status":"publish","type":"post","link":"https:\/\/airtimers.com\/en\/piraten-in-batavia-2-0\/0037461\/","title":{"rendered":"Die Piraten kommen zur\u00fcck! &#8211; Piraten in Batavia 2.0?"},"content":{"rendered":"<p class=\"qtranxs-available-languages-message qtranxs-available-languages-message-en\">Sorry, this entry is only available in <a href=\"https:\/\/airtimers.com\/de\/wp-json\/wp\/v2\/posts\/37461\" class=\"qtranxs-available-language-link qtranxs-available-language-link-de\" title=\"Deutsch\">Deutsch<\/a>. For the sake of viewer convenience, the content is shown below in the alternative language. You may click the link to switch the active language.<\/p>Nach dem verheerenden Gro\u00dfbrand im Europa-Park vor zwei Wochen (<a href=\"https:\/\/airtimers.com\/brand-im-europa-park-alle-aktuellen-informationen\/0037414\/\">wir berichteten<\/a>), setzt der Park schon jetzt die Segel in Richtung Zukunft. Noch liegen die Piraten von Batavia in Schutt und Asche und nur langsam schreiten die Aufr\u00e4umarbeiten hinter den zum Gl\u00fcck nur teilweise besch\u00e4digten nierderl\u00e4ndischen Fassaden voran, doch l\u00e4sst der Park seine Fans schon jetzt wissen: <em>Die Piraten kommen zur\u00fcck<\/em>! <\/p>\n<div id=\"attachment_37466\" style=\"width: 990px\" class=\"wp-caption aligncenter\"><img loading=\"lazy\" decoding=\"async\" aria-describedby=\"caption-attachment-37466\" src=\"https:\/\/airtimers.com\/blog\/wp-content\/uploads\/2018\/06\/indoor-fun_piraten-in-batavia_sommer_europa-park-02.jpg\" alt=\"\" width=\"980\" height=\"551\" class=\"size-full wp-image-37466 colorbox-37461\" srcset=\"https:\/\/airtimers.com\/blog\/wp-content\/uploads\/2018\/06\/indoor-fun_piraten-in-batavia_sommer_europa-park-02.jpg 980w, https:\/\/airtimers.com\/blog\/wp-content\/uploads\/2018\/06\/indoor-fun_piraten-in-batavia_sommer_europa-park-02-300x169.jpg 300w, https:\/\/airtimers.com\/blog\/wp-content\/uploads\/2018\/06\/indoor-fun_piraten-in-batavia_sommer_europa-park-02-768x432.jpg 768w, https:\/\/airtimers.com\/blog\/wp-content\/uploads\/2018\/06\/indoor-fun_piraten-in-batavia_sommer_europa-park-02-810x455.jpg 810w, https:\/\/airtimers.com\/blog\/wp-content\/uploads\/2018\/06\/indoor-fun_piraten-in-batavia_sommer_europa-park-02-600x337.jpg 600w\" sizes=\"auto, (max-width: 980px) 100vw, 980px\" \/><p id=\"caption-attachment-37466\" class=\"wp-caption-text\">Die Piraten in Batavia begeisterten f\u00fcr 30 Jahre; Bild: Europa-Park<\/p><\/div>\n<p>Erst am gestrigen Mittwoch twitterte Gesch\u00e4ftsf\u00fchrer Michael Mack die noch wenig ausgereifte frohe Botschaft, dass man am bew\u00e4hrten Piratenthema festhalten m\u00f6chte, man aber noch keine weiteren Details nenne k\u00f6nne. Heute, nur einen Tag sp\u00e4ter, folgte die Best\u00e4tigung \u00fcber die offiziellen Kan\u00e4le des Europa-Park, dass im niederl\u00e4ndischen Themenbereich eine neue Indoor-Themenfahrt entstehen wird. Ein Revival der beliebten Piraten in Batavia also, oder doch etwas v\u00f6llig Neues im Piratenthema? &#8211; Dazu \u00e4u\u00dfert sich der Park bisher nicht. Durchforstet man aber das Internet auf der Suche nach m\u00f6glichen Ans\u00e4tzen, st\u00f6\u00dft man schnell auf die Seite des <em>Adventure Club of Europe<\/em>, dem fiktiven Entdeckerclub des Europa-Park, auf dessen Geschichten bereits das Voletarium und die neue Attraktion <em>Madame Freudenreich Curiosit\u00e9s<\/em> (ehm. Universum der Energie) beruhen. <\/p>\n<blockquote class=\"twitter-tweet\" data-lang=\"de\">\n<p lang=\"de\" dir=\"ltr\">Das war ein toller Abend heute beim <a href=\"https:\/\/twitter.com\/hashtag\/swrlive?src=hash&amp;ref_src=twsrc%5Etfw\">#swrlive<\/a> im SWR Studio Freiburg. Vielen Dank f\u00fcr das Gespr\u00e4ch <a href=\"https:\/\/twitter.com\/SWRAktuell?ref_src=twsrc%5Etfw\">@swraktuell<\/a>. Und ja, die Piraten kommen zur\u00fcck! Wir k\u00f6nnen noch keine Details nennen, aber sie werden wieder einen Platz bekommen.<\/p>\n<p>&mdash; Michael Mack (@MichaelMack) <a href=\"https:\/\/twitter.com\/MichaelMack\/status\/1004430066699423745?ref_src=twsrc%5Etfw\">6. Juni 2018<\/a><\/p><\/blockquote>\n<p><script async src=\"https:\/\/platform.twitter.com\/widgets.js\" charset=\"utf-8\"><\/script><\/p>\n<p>Hier findet man die Geschichte um den <em>Feuertiger von Batavia<\/em>, in welcher sich der Niederl\u00e4nder Bartholomeus van Robbemond auf die Suche nach dem <em>Feuertiger<\/em> (einem sagenumwobenen Dolch) begab. Diesem sagte man nach, dass jeder der ihn benutzte unverwundbar werde, zugleich wurde man aber zu einem blutr\u00fcnstigen M\u00f6rder. Einer van Robbemonds Seem\u00e4nner riss den Dolch nach der Entdeckung an sich und wurde auf der Stelle zum Berserker, der nahezu die gesamte Mannschaft in den Tod riss, ehe er von van Robbemond \u00fcberw\u00e4ltig wurde. Dieser wickelte den verzauberten Dolch in sein Kopftuch, sperrte ihn in eine Truhe aus Holz und verschluckte den Schl\u00fcssel, sodass dieses Teufelswerk niemals mehr in den Besitz des VOC (Vereenigde Oostindische Compagnie; dt.: Niederl\u00e4ndische Ostindien-Kompanie) kommen konnte. <\/p>\n<div id=\"attachment_37462\" style=\"width: 820px\" class=\"wp-caption aligncenter\"><img loading=\"lazy\" decoding=\"async\" aria-describedby=\"caption-attachment-37462\" src=\"https:\/\/airtimers.com\/blog\/wp-content\/uploads\/2018\/06\/2-1024x431.jpg\" alt=\"\" width=\"810\" height=\"341\" class=\"size-large wp-image-37462 colorbox-37461\" srcset=\"https:\/\/airtimers.com\/blog\/wp-content\/uploads\/2018\/06\/2-1024x431.jpg 1024w, https:\/\/airtimers.com\/blog\/wp-content\/uploads\/2018\/06\/2-300x126.jpg 300w, https:\/\/airtimers.com\/blog\/wp-content\/uploads\/2018\/06\/2-768x323.jpg 768w, https:\/\/airtimers.com\/blog\/wp-content\/uploads\/2018\/06\/2-810x341.jpg 810w, https:\/\/airtimers.com\/blog\/wp-content\/uploads\/2018\/06\/2-600x252.jpg 600w, https:\/\/airtimers.com\/blog\/wp-content\/uploads\/2018\/06\/2.jpg 1070w\" sizes=\"auto, (max-width: 810px) 100vw, 810px\" \/><p id=\"caption-attachment-37462\" class=\"wp-caption-text\">Der sagenumwobene Feuertiger von Batavia; Bild: Adventureclub of Europe<\/p><\/div>\n<p>Ob die neue Indoor-Themenfahrt sich an eben diesem Thema orientieren wird, steht nat\u00fcrlich weiterhin in den Sternen, denkbar w\u00e4re es aber allemal und gerade Fans der ehemaligen Piraten in Batavia k\u00e4men mit dieser Neuauflage auf ihre Kosten. Wor\u00fcber wir uns aber sicher sein k\u00f6nnen ist, dass der Park seine Fans stehts auf dem Laufenden halten wird, dar\u00fcber wie es mit den Piraten in Batavia und dem ebenfalls den Flammen zum Opfer gefallenen skandinavischen Themenbereich weitergehen wird.<\/p>\n<ul><strong>Aktuelle Information zum Gro\u00dfbrand (Stand 09.06.2018)<\/strong><br \/>\nNach aktuellem Ermittlungsstand liegt die Brandursache im Bereich des <em>Fjord-Raftings<\/em>, von dort breitete sich das Feuer in eine Lagerhalle aus und zerst\u00f6rte schlie\u00dflich die Attraktion <em>Piraten in Batavia<\/em>, sowie den skandinavischen Themenbereich. Aktuell sind bis auf die Attraktionen Piraten in Batavia und die Versunkene Stadt Vineta alle Attraktionen des Parks in Betrieb.<br \/>\nDas Fjord Rafting ging im Laufe des 09.Juni wieder in Betrieb, sodass nur noch die wirklich abgebrannten Attraktionen und Bereiche geschlosen bleiben. <\/ul>\n\n<fb:like href='https:\/\/airtimers.com\/en\/piraten-in-batavia-2-0\/0037461\/' send='false' layout='standard' show_faces='true' width='450' height='65' action='like' colorscheme='light' font='lucida grande'><\/fb:like>","protected":false},"excerpt":{"rendered":"<p>Sorry, this entry is only available in Deutsch. For the sake of viewer convenience, the content is shown below in the alternative language. You may click the link to switch the active language.Nach dem verheerenden Gro\u00dfbrand im Europa-Park vor zwei Wochen (wir berichteten), setzt der Park schon jetzt die Segel in Richtung Zukunft. Noch liegen [&hellip;]<\/p>\n","protected":false},"author":25,"featured_media":37469,"comment_status":"open","ping_status":"closed","sticky":false,"template":"","format":"standard","meta":{"footnotes":""},"categories":[3],"tags":[648,14,1682,712,1681,1722],"class_list":["post-37461","post","type-post","status-publish","format-standard","has-post-thumbnail","hentry","category-freizeitparks","tag-darkride","tag-europa-park","tag-holland","tag-mack","tag-niederlande","tag-piraten"],"_links":{"self":[{"href":"https:\/\/airtimers.com\/en\/wp-json\/wp\/v2\/posts\/37461","targetHints":{"allow":["GET"]}}],"collection":[{"href":"https:\/\/airtimers.com\/en\/wp-json\/wp\/v2\/posts"}],"about":[{"href":"https:\/\/airtimers.com\/en\/wp-json\/wp\/v2\/types\/post"}],"author":[{"embeddable":true,"href":"https:\/\/airtimers.com\/en\/wp-json\/wp\/v2\/users\/25"}],"replies":[{"embeddable":true,"href":"https:\/\/airtimers.com\/en\/wp-json\/wp\/v2\/comments?post=37461"}],"version-history":[{"count":0,"href":"https:\/\/airtimers.com\/en\/wp-json\/wp\/v2\/posts\/37461\/revisions"}],"wp:featuredmedia":[{"embeddable":true,"href":"https:\/\/airtimers.com\/en\/wp-json\/wp\/v2\/media\/37469"}],"wp:attachment":[{"href":"https:\/\/airtimers.com\/en\/wp-json\/wp\/v2\/media?parent=37461"}],"wp:term":[{"taxonomy":"category","embeddable":true,"href":"https:\/\/airtimers.com\/en\/wp-json\/wp\/v2\/categories?post=37461"},{"taxonomy":"post_tag","embeddable":true,"href":"https:\/\/airtimers.com\/en\/wp-json\/wp\/v2\/tags?post=37461"}],"curies":[{"name":"wp","href":"https:\/\/api.w.org\/{rel}","templated":true}]}}