{"id":3994,"date":"2010-06-10T11:14:23","date_gmt":"2010-06-10T09:14:23","guid":{"rendered":"http:\/\/airtimers.com\/?p=3994"},"modified":"2010-06-10T11:14:23","modified_gmt":"2010-06-10T09:14:23","slug":"disney-studios-hat-der-bau-des-ratatouille-rides-schon-begonnen","status":"publish","type":"post","link":"https:\/\/airtimers.com\/en\/disney-studios-hat-der-bau-des-ratatouille-rides-schon-begonnen\/003994\/","title":{"rendered":"Disney Studios &#8211; Hat der Bau des Ratatouille Rides schon begonnen?"},"content":{"rendered":"<p>Seit einigen Tagen kursiert ein Foto im Internet, auf dem man erkennt, dass auf der Fl\u00e4che zwischen dem Toy Story Playland und dem Kost\u00fcm Geb\u00e4ude einige B\u00e4ume gerodet wurden. Dabei handelt es sich genau um den Platz, an dem den Ger\u00fcchten nach, der Ratatouille Darkride entstehen soll. Ob dies jedoch wirklich den Baubeginn des Rides bedeutet bleibt fraglich. Es gibt sicher tausend Gr\u00fcnde um ein paar B\u00e4ume zu roden.<\/p>\n<p><img loading=\"lazy\" decoding=\"async\" src=\"https:\/\/airtimers.com\/blog\/wp-content\/uploads\/2010\/06\/Ratatouille_05.jpg\" alt=\"\" title=\"Ratatouille_05\" width=\"489\" height=\"299\" class=\"aligncenter size-full wp-image-3983 colorbox-3994\" srcset=\"https:\/\/airtimers.com\/blog\/wp-content\/uploads\/2010\/06\/Ratatouille_05.jpg 489w, https:\/\/airtimers.com\/blog\/wp-content\/uploads\/2010\/06\/Ratatouille_05-300x183.jpg 300w, https:\/\/airtimers.com\/blog\/wp-content\/uploads\/2010\/06\/Ratatouille_05-170x103.jpg 170w\" sizes=\"auto, (max-width: 489px) 100vw, 489px\" \/><\/p>\n<p>Folgender Plan zeigt euch wo der Ride angeblich entstehen soll. Das Geb\u00e4ude ist rot und die Wege sind gr\u00fcn eingezeichnet. Wobei diese Lage durchaus Sinn macht, denn genau an dieser Stelle hat auch das Toy Story Playland einen zweiten Ausgang. Ich hoffe ja noch immer, dass mit diesem neuen Bereich auch endlich ein vern\u00fcnftiges Restaurant in den Studios er\u00f6ffnet wird. Das w\u00fcrde thematisch passen und gutes Essen hat der Park fast dringender n\u00f6tig, als einen neuen Ride \ud83d\ude09<\/p>\n<p><img loading=\"lazy\" decoding=\"async\" src=\"https:\/\/airtimers.com\/blog\/wp-content\/uploads\/2010\/06\/Ratatouille_06.jpg\" alt=\"\" title=\"Ratatouille_06\" width=\"489\" height=\"299\" class=\"aligncenter size-full wp-image-3984 colorbox-3994\" srcset=\"https:\/\/airtimers.com\/blog\/wp-content\/uploads\/2010\/06\/Ratatouille_06.jpg 489w, https:\/\/airtimers.com\/blog\/wp-content\/uploads\/2010\/06\/Ratatouille_06-300x183.jpg 300w, https:\/\/airtimers.com\/blog\/wp-content\/uploads\/2010\/06\/Ratatouille_06-170x103.jpg 170w\" sizes=\"auto, (max-width: 489px) 100vw, 489px\" \/><\/p>\n<p>Pictures: copyright disneycentralplaza and Walt Disney Studios Paris<\/p>\n<fb:like href='https:\/\/airtimers.com\/en\/disney-studios-hat-der-bau-des-ratatouille-rides-schon-begonnen\/003994\/' send='false' layout='standard' show_faces='true' width='450' height='65' action='like' colorscheme='light' font='lucida grande'><\/fb:like>","protected":false},"excerpt":{"rendered":"<p>Seit einigen Tagen kursiert ein Foto im Internet, auf dem man erkennt, dass auf der Fl\u00e4che zwischen dem Toy Story Playland und dem Kost\u00fcm Geb\u00e4ude einige B\u00e4ume gerodet wurden. Dabei handelt es sich genau um den Platz, an dem den Ger\u00fcchten nach, der Ratatouille Darkride entstehen soll. Ob dies jedoch wirklich den Baubeginn des Rides [&hellip;]<\/p>\n","protected":false},"author":1,"featured_media":0,"comment_status":"open","ping_status":"closed","sticky":false,"template":"","format":"standard","meta":{"footnotes":""},"categories":[7],"tags":[85,214,84],"class_list":["post-3994","post","type-post","status-publish","format-standard","hentry","category-disney-parks","tag-disney-studios","tag-disneyland-paris","tag-ratatouille"],"_links":{"self":[{"href":"https:\/\/airtimers.com\/en\/wp-json\/wp\/v2\/posts\/3994","targetHints":{"allow":["GET"]}}],"collection":[{"href":"https:\/\/airtimers.com\/en\/wp-json\/wp\/v2\/posts"}],"about":[{"href":"https:\/\/airtimers.com\/en\/wp-json\/wp\/v2\/types\/post"}],"author":[{"embeddable":true,"href":"https:\/\/airtimers.com\/en\/wp-json\/wp\/v2\/users\/1"}],"replies":[{"embeddable":true,"href":"https:\/\/airtimers.com\/en\/wp-json\/wp\/v2\/comments?post=3994"}],"version-history":[{"count":0,"href":"https:\/\/airtimers.com\/en\/wp-json\/wp\/v2\/posts\/3994\/revisions"}],"wp:attachment":[{"href":"https:\/\/airtimers.com\/en\/wp-json\/wp\/v2\/media?parent=3994"}],"wp:term":[{"taxonomy":"category","embeddable":true,"href":"https:\/\/airtimers.com\/en\/wp-json\/wp\/v2\/categories?post=3994"},{"taxonomy":"post_tag","embeddable":true,"href":"https:\/\/airtimers.com\/en\/wp-json\/wp\/v2\/tags?post=3994"}],"curies":[{"name":"wp","href":"https:\/\/api.w.org\/{rel}","templated":true}]}}