{"id":41272,"date":"2020-06-16T18:36:01","date_gmt":"2020-06-16T16:36:01","guid":{"rendered":"https:\/\/airtimers.com\/?p=41272"},"modified":"2020-08-04T09:19:43","modified_gmt":"2020-08-04T07:19:43","slug":"belantis-corona-erfahrungsbericht","status":"publish","type":"post","link":"https:\/\/airtimers.com\/en\/belantis-corona-erfahrungsbericht\/0041272\/","title":{"rendered":"Ein Besuch in Belantis in der Corona-Zeit \u2013 Erfahrungsbericht Juni 2020"},"content":{"rendered":"<p class=\"qtranxs-available-languages-message qtranxs-available-languages-message-en\">Sorry, this entry is only available in <a href=\"https:\/\/airtimers.com\/de\/wp-json\/wp\/v2\/posts\/41272\" class=\"qtranxs-available-language-link qtranxs-available-language-link-de\" title=\"Deutsch\">Deutsch<\/a>. For the sake of viewer convenience, the content is shown below in the alternative language. You may click the link to switch the active language.<\/p>Einige Freizeitparks in Deutschland, \u00d6sterreich und den Niederlanden haben bereits wieder ge\u00f6ffnet.<br \/>\nBereits ver\u00f6ffentlichte Erfahrungsberichte:<br \/>\n<strong><a href=\"https:\/\/airtimers.com\/efteling-corona\/0040809\/\" title=\"Ein Besuch in Efteling in der Corona-Zeit \u2013 Erfahrungsbericht\">Ein Besuch in Efteling in der Corona-Zeit \u2013 Erfahrungsbericht<\/a><br \/>\n<a href=\"https:\/\/airtimers.com\/ein-besuch-im-toverland-in-der-corona-zeit-erfahrungsbericht\/0040875\/\" title=\"Ein Besuch im Toverland in der Corona-Zeit \u2013 Erfahrungsbericht\">Ein Besuch im Toverland in der Corona-Zeit \u2013 Erfahrungsbericht<\/a><br \/>\n<a href=\"https:\/\/airtimers.com\/ein-besuch-im-phantasialand-in-der-corona-zeit-erfahrungsbericht\/0040961\/\" title=\"Ein Besuch im Phantasialand in der Corona-Zeit \u2013 Erfahrungsbericht\">Ein Besuch im Phantasialand in der Corona-Zeit \u2013 Erfahrungsbericht<\/a><br \/>\n<a href=\"https:\/\/airtimers.com\/wien-prater-corona-erfahrungsbericht\/0040989\/\" title=\"Ein Besuch im Wiener Prater in der Corona-Zeit \u2013 Erfahrungsbericht\">Ein Besuch im Wiener Prater in der Corona-Zeit \u2013 Erfahrungsbericht<\/a><br \/>\n<a href=\"https:\/\/airtimers.com\/ein-besuch-im-heide-park-in-der-corona-zeit-erfahrungsbericht\/0041029\/\" title=\"Ein Besuch im Heide Park in der Corona-Zeit \u2013 Erfahrungsbericht\">Ein Besuch im Heide Park in der Corona-Zeit \u2013 Erfahrungsbericht<\/a><br \/>\n<a href=\"https:\/\/airtimers.com\/europa-park-corona-erfahrungsbericht\/0041079\/\" title=\"Ein Besuch im Europa-Park in der Corona-Zeit \u2013 Erfahrungsbericht\">Ein Besuch im Europa-Park in der Corona-Zeit \u2013 Erfahrungsbericht<\/a><br \/>\n<a href=\"https:\/\/airtimers.com\/ein-besuch-im-kernies-familienpark-in-der-corona-zeit-erfahrungsbericht\/0041095\/\" title=\"Ein Besuch im Kernies Familienpark in der Corona-Zeit \u2013 Erfahrungsbericht\">Ein Besuch im Kernie Familienpark in der Corona-Zeit \u2013 Erfahrungsbericht<\/a><br \/>\n<\/strong><\/p>\n<p>Heute hat uns &#8220;Tim&#8221; Michael gemeinsam mit seiner Familie einen Erlebsnisbericht aus Belantis mitgebracht. Sie haben den Park vor kurzem besucht und uns ihre Erfahrungen vor Ort geschildert.<\/p>\n<p><em>Anmerkung: Bei unseren Erfahrungsberichten handelt es sich lediglich um eine Momentaufnahme. Die Erfahrungen k\u00f6nnen nat\u00fcrlich an anderen Tagen von unseren abweichen.<\/em><\/p>\n<p><a href=\"https:\/\/airtimers.com\/blog\/wp-content\/uploads\/2020\/06\/Haupteingang-scaled.jpg\"><img loading=\"lazy\" decoding=\"async\" src=\"https:\/\/airtimers.com\/blog\/wp-content\/uploads\/2020\/06\/Haupteingang-1024x768.jpg\" alt=\"\" width=\"810\" height=\"608\" class=\"aligncenter size-large wp-image-41281 colorbox-41272\" srcset=\"https:\/\/airtimers.com\/blog\/wp-content\/uploads\/2020\/06\/Haupteingang-1024x768.jpg 1024w, https:\/\/airtimers.com\/blog\/wp-content\/uploads\/2020\/06\/Haupteingang-300x225.jpg 300w, https:\/\/airtimers.com\/blog\/wp-content\/uploads\/2020\/06\/Haupteingang-768x576.jpg 768w, https:\/\/airtimers.com\/blog\/wp-content\/uploads\/2020\/06\/Haupteingang-1536x1152.jpg 1536w, https:\/\/airtimers.com\/blog\/wp-content\/uploads\/2020\/06\/Haupteingang-2048x1536.jpg 2048w, https:\/\/airtimers.com\/blog\/wp-content\/uploads\/2020\/06\/Haupteingang-810x608.jpg 810w, https:\/\/airtimers.com\/blog\/wp-content\/uploads\/2020\/06\/Haupteingang-1140x855.jpg 1140w, https:\/\/airtimers.com\/blog\/wp-content\/uploads\/2020\/06\/Haupteingang-600x450.jpg 600w\" sizes=\"auto, (max-width: 810px) 100vw, 810px\" \/><\/a><\/p>\n<p><strong><span style=\"color: #127baa;\">Wie schwer war es an ein Ticket (Reservierung) zu kommen?<\/span><\/strong><br \/>\nObwohl der Park erst seit kurzem wieder ge\u00f6ffnet hat (seit 29.05.2020) war es kein Problem, f\u00fcr den Wunsch-Besuchstag ein Ticket zu buchen. Wie inzwischen \u00fcblich, ist dies ausschlie\u00dflich online m\u00f6glich. Es stehen zwei Zeitfenster (10:00 Uhr bis 10:45 Uhr und ab 11:00 Uhr) zur Verf\u00fcgung. Auch das Parkticket muss vorab online gebucht werden. Saisonpassinhaber\/Ticketbesitzer m\u00fcssen sich vorab online anmelden.<\/p>\n<p><a href=\"https:\/\/airtimers.com\/blog\/wp-content\/uploads\/2020\/06\/Hier-lang-scaled.jpg\"><img loading=\"lazy\" decoding=\"async\" src=\"https:\/\/airtimers.com\/blog\/wp-content\/uploads\/2020\/06\/Hier-lang-740x1024.jpg\" alt=\"\" width=\"740\" height=\"1024\" class=\"aligncenter size-large wp-image-41282 colorbox-41272\" srcset=\"https:\/\/airtimers.com\/blog\/wp-content\/uploads\/2020\/06\/Hier-lang-740x1024.jpg 740w, https:\/\/airtimers.com\/blog\/wp-content\/uploads\/2020\/06\/Hier-lang-217x300.jpg 217w, https:\/\/airtimers.com\/blog\/wp-content\/uploads\/2020\/06\/Hier-lang-768x1063.jpg 768w, https:\/\/airtimers.com\/blog\/wp-content\/uploads\/2020\/06\/Hier-lang-1109x1536.jpg 1109w, https:\/\/airtimers.com\/blog\/wp-content\/uploads\/2020\/06\/Hier-lang-1479x2048.jpg 1479w, https:\/\/airtimers.com\/blog\/wp-content\/uploads\/2020\/06\/Hier-lang-810x1122.jpg 810w, https:\/\/airtimers.com\/blog\/wp-content\/uploads\/2020\/06\/Hier-lang-1140x1578.jpg 1140w, https:\/\/airtimers.com\/blog\/wp-content\/uploads\/2020\/06\/Hier-lang-600x831.jpg 600w, https:\/\/airtimers.com\/blog\/wp-content\/uploads\/2020\/06\/Hier-lang-scaled.jpg 1849w\" sizes=\"auto, (max-width: 740px) 100vw, 740px\" \/><\/a><\/p>\n<p><strong><span style=\"color: #127baa;\">Wie war das Prozedere am Haupteingang?<\/span><\/strong><\/p>\n<p>Wir sind mit \u00f6ffentlichen Verkehrsmitteln angereist (geht inzwischen deutlich besser, als dies fr\u00fcher der Fall war. Vom S-Bahnhof Markkleeberg f\u00e4hrt ca. jede Stunde ein Linienbus bis vor die Eingangsportale des AbenteuerReichs). Da wir im gro\u00dfr\u00e4umigen Gelenkbus die einzigen Fahrg\u00e4ste waren, war schon zu vermuten, dass der Andrang am Haupteingang heute nicht allzu gro\u00df ausfallen w\u00fcrde.<br \/>\nF\u00fcr vollere Tage sind dort aber in mehreren, voneinander getrennten Reihen Abstandsmarkierungen angebracht, um die Mindestabst\u00e4nde zu garantieren.<\/p>\n<p><a href=\"https:\/\/airtimers.com\/blog\/wp-content\/uploads\/2020\/06\/Abstand-halten-scaled.jpg\"><img loading=\"lazy\" decoding=\"async\" src=\"https:\/\/airtimers.com\/blog\/wp-content\/uploads\/2020\/06\/Abstand-halten-768x1024.jpg\" alt=\"\" width=\"768\" height=\"1024\" class=\"aligncenter size-large wp-image-41276 colorbox-41272\" srcset=\"https:\/\/airtimers.com\/blog\/wp-content\/uploads\/2020\/06\/Abstand-halten-768x1024.jpg 768w, https:\/\/airtimers.com\/blog\/wp-content\/uploads\/2020\/06\/Abstand-halten-225x300.jpg 225w, https:\/\/airtimers.com\/blog\/wp-content\/uploads\/2020\/06\/Abstand-halten-1152x1536.jpg 1152w, https:\/\/airtimers.com\/blog\/wp-content\/uploads\/2020\/06\/Abstand-halten-1536x2048.jpg 1536w, https:\/\/airtimers.com\/blog\/wp-content\/uploads\/2020\/06\/Abstand-halten-810x1080.jpg 810w, https:\/\/airtimers.com\/blog\/wp-content\/uploads\/2020\/06\/Abstand-halten-1140x1520.jpg 1140w, https:\/\/airtimers.com\/blog\/wp-content\/uploads\/2020\/06\/Abstand-halten-600x800.jpg 600w, https:\/\/airtimers.com\/blog\/wp-content\/uploads\/2020\/06\/Abstand-halten-scaled.jpg 1920w\" sizes=\"auto, (max-width: 768px) 100vw, 768px\" \/><\/a><\/p>\n<p><strong><span style=\"color: #127baa;\">Wo im Park musste man den Mund- und Nasenschutz aufsetzen?<\/span><\/strong><br \/>\nMaskenpflicht gilt f\u00fcr alle Personen ab 6 Jahren im Eingangsbereich, allen Shops, Indoor-Bereichen sowie s\u00e4mtlichen Anstellbereichen und Fahrattraktionen.<\/p>\n<p><a href=\"https:\/\/airtimers.com\/blog\/wp-content\/uploads\/2020\/06\/Abstand-auf-dem-Spielplatz-scaled.jpg\"><img loading=\"lazy\" decoding=\"async\" src=\"https:\/\/airtimers.com\/blog\/wp-content\/uploads\/2020\/06\/Abstand-auf-dem-Spielplatz-768x1024.jpg\" alt=\"\" width=\"768\" height=\"1024\" class=\"aligncenter size-large wp-image-41275 colorbox-41272\" srcset=\"https:\/\/airtimers.com\/blog\/wp-content\/uploads\/2020\/06\/Abstand-auf-dem-Spielplatz-768x1024.jpg 768w, https:\/\/airtimers.com\/blog\/wp-content\/uploads\/2020\/06\/Abstand-auf-dem-Spielplatz-225x300.jpg 225w, https:\/\/airtimers.com\/blog\/wp-content\/uploads\/2020\/06\/Abstand-auf-dem-Spielplatz-1152x1536.jpg 1152w, https:\/\/airtimers.com\/blog\/wp-content\/uploads\/2020\/06\/Abstand-auf-dem-Spielplatz-1536x2048.jpg 1536w, https:\/\/airtimers.com\/blog\/wp-content\/uploads\/2020\/06\/Abstand-auf-dem-Spielplatz-810x1080.jpg 810w, https:\/\/airtimers.com\/blog\/wp-content\/uploads\/2020\/06\/Abstand-auf-dem-Spielplatz-1140x1520.jpg 1140w, https:\/\/airtimers.com\/blog\/wp-content\/uploads\/2020\/06\/Abstand-auf-dem-Spielplatz-600x800.jpg 600w, https:\/\/airtimers.com\/blog\/wp-content\/uploads\/2020\/06\/Abstand-auf-dem-Spielplatz-scaled.jpg 1920w\" sizes=\"auto, (max-width: 768px) 100vw, 768px\" \/><\/a><\/p>\n<p><strong><span style=\"color: #127baa;\">Wie waren die Besuchermassen im Park?<\/span><\/strong><br \/>\nEs war extrem wenig los. Allerdings beginnen die Schulferien in der Region auch erst gegen Mitte\/Ende Juli, weshalb derzeit wohl eher von einem Soft-Opening sprechen muss.<\/p>\n<p><a href=\"https:\/\/airtimers.com\/blog\/wp-content\/uploads\/2020\/06\/Blau-gewinnt-scaled.jpg\"><img loading=\"lazy\" decoding=\"async\" src=\"https:\/\/airtimers.com\/blog\/wp-content\/uploads\/2020\/06\/Blau-gewinnt-768x1024.jpg\" alt=\"\" width=\"768\" height=\"1024\" class=\"aligncenter size-large wp-image-41278 colorbox-41272\" srcset=\"https:\/\/airtimers.com\/blog\/wp-content\/uploads\/2020\/06\/Blau-gewinnt-768x1024.jpg 768w, https:\/\/airtimers.com\/blog\/wp-content\/uploads\/2020\/06\/Blau-gewinnt-225x300.jpg 225w, https:\/\/airtimers.com\/blog\/wp-content\/uploads\/2020\/06\/Blau-gewinnt-1152x1536.jpg 1152w, https:\/\/airtimers.com\/blog\/wp-content\/uploads\/2020\/06\/Blau-gewinnt-1536x2048.jpg 1536w, https:\/\/airtimers.com\/blog\/wp-content\/uploads\/2020\/06\/Blau-gewinnt-810x1080.jpg 810w, https:\/\/airtimers.com\/blog\/wp-content\/uploads\/2020\/06\/Blau-gewinnt-1140x1520.jpg 1140w, https:\/\/airtimers.com\/blog\/wp-content\/uploads\/2020\/06\/Blau-gewinnt-600x800.jpg 600w, https:\/\/airtimers.com\/blog\/wp-content\/uploads\/2020\/06\/Blau-gewinnt-scaled.jpg 1920w\" sizes=\"auto, (max-width: 768px) 100vw, 768px\" \/><\/a><\/p>\n<p><strong><span style=\"color: #127baa;\">Wie lief es in den Warteschlangen?<\/span><\/strong><br \/>\nNeben den obligatorischen Zwei-Meter-Abstandsmarkierungen auf den B\u00f6den der Warteschlangen setzt Belantis auch an einigen Attraktionen auf \u201eT\u00fcrsteher\u201c, die in Absprache mit den Ride-OPs den Fahrgast-Zufluss von den ins Freie ausgelagerten Wartebereichen in die Indoor-Bereiche regulieren. Das w\u00e4re heute zwar nicht wirklich n\u00f6tig \u2013 ist an volleren Tagen aber sicher gut so.<\/p>\n<p><a href=\"https:\/\/airtimers.com\/blog\/wp-content\/uploads\/2020\/06\/Ausgelagerte-Warteschlange-scaled.jpg\"><img loading=\"lazy\" decoding=\"async\" src=\"https:\/\/airtimers.com\/blog\/wp-content\/uploads\/2020\/06\/Ausgelagerte-Warteschlange-768x1024.jpg\" alt=\"\" width=\"768\" height=\"1024\" class=\"aligncenter size-large wp-image-41277 colorbox-41272\" srcset=\"https:\/\/airtimers.com\/blog\/wp-content\/uploads\/2020\/06\/Ausgelagerte-Warteschlange-768x1024.jpg 768w, https:\/\/airtimers.com\/blog\/wp-content\/uploads\/2020\/06\/Ausgelagerte-Warteschlange-225x300.jpg 225w, https:\/\/airtimers.com\/blog\/wp-content\/uploads\/2020\/06\/Ausgelagerte-Warteschlange-1152x1536.jpg 1152w, https:\/\/airtimers.com\/blog\/wp-content\/uploads\/2020\/06\/Ausgelagerte-Warteschlange-1536x2048.jpg 1536w, https:\/\/airtimers.com\/blog\/wp-content\/uploads\/2020\/06\/Ausgelagerte-Warteschlange-810x1080.jpg 810w, https:\/\/airtimers.com\/blog\/wp-content\/uploads\/2020\/06\/Ausgelagerte-Warteschlange-1140x1520.jpg 1140w, https:\/\/airtimers.com\/blog\/wp-content\/uploads\/2020\/06\/Ausgelagerte-Warteschlange-600x800.jpg 600w, https:\/\/airtimers.com\/blog\/wp-content\/uploads\/2020\/06\/Ausgelagerte-Warteschlange-scaled.jpg 1920w\" sizes=\"auto, (max-width: 768px) 100vw, 768px\" \/><\/a><\/p>\n<p><strong><span style=\"color: #127baa;\">Haben sich die Besucher an die Regeln gehalten?<\/span><\/strong><br \/>\nIm Gegensatz zum brechend vollen Leipziger Zoo, den wir am Vortag besucht haben, war das Verhalten der (wenigen) Besucher, denen wir begegnet sind bis auf einige Einzelf\u00e4lle tats\u00e4chlich vorbildlich.<\/p>\n<p><a href=\"https:\/\/airtimers.com\/blog\/wp-content\/uploads\/2020\/06\/Ab-durch-die-Hecke-scaled.jpg\"><img loading=\"lazy\" decoding=\"async\" src=\"https:\/\/airtimers.com\/blog\/wp-content\/uploads\/2020\/06\/Ab-durch-die-Hecke-768x1024.jpg\" alt=\"\" width=\"768\" height=\"1024\" class=\"aligncenter size-large wp-image-41274 colorbox-41272\" srcset=\"https:\/\/airtimers.com\/blog\/wp-content\/uploads\/2020\/06\/Ab-durch-die-Hecke-768x1024.jpg 768w, https:\/\/airtimers.com\/blog\/wp-content\/uploads\/2020\/06\/Ab-durch-die-Hecke-225x300.jpg 225w, https:\/\/airtimers.com\/blog\/wp-content\/uploads\/2020\/06\/Ab-durch-die-Hecke-1152x1536.jpg 1152w, https:\/\/airtimers.com\/blog\/wp-content\/uploads\/2020\/06\/Ab-durch-die-Hecke-1536x2048.jpg 1536w, https:\/\/airtimers.com\/blog\/wp-content\/uploads\/2020\/06\/Ab-durch-die-Hecke-810x1080.jpg 810w, https:\/\/airtimers.com\/blog\/wp-content\/uploads\/2020\/06\/Ab-durch-die-Hecke-1140x1520.jpg 1140w, https:\/\/airtimers.com\/blog\/wp-content\/uploads\/2020\/06\/Ab-durch-die-Hecke-600x800.jpg 600w, https:\/\/airtimers.com\/blog\/wp-content\/uploads\/2020\/06\/Ab-durch-die-Hecke-scaled.jpg 1920w\" sizes=\"auto, (max-width: 768px) 100vw, 768px\" \/><\/a><\/p>\n<p><strong><span style=\"color: #127baa;\">Habt ihr euch ausreichend gesch\u00fctzt gef\u00fchlt? Sind die Ma\u00dfnahmen ausreichend?<\/span><\/strong><\/p>\n<p>Absolut. Es ist seitens des Belantis viel getan, um Ansteckungsrisiken zu minimieren. Shows finden nicht statt. Das Mad House Verlies des Grauens, das Labyrinth von Avalon und die Indianer Kanus sind derzeit geschlossen. Um die Mindestabst\u00e4nde in den Fahrgesch\u00e4ften und Attraktionen einzuhalten werden die Besucher stets entfernt voneinander platziert. Auf die Einhaltung haben die Mitarbeiter penibel geachtet. Im Bobsled Drachenritt wurden in einigen W\u00e4gen ein in ein Ritterkost\u00fcm gekleideter Dummy gesetzt, um die hintere Reihe \u201eabzusperren\u201c. T\u00e4glich um 13:30 Uhr werden an allen Attraktionen zus\u00e4tzliche Desinfektionsma\u00dfnahmen ergriffen.<br \/>\nDer Rest bleibt in Eigenverantwortung (H\u00e4nde waschen, Abst\u00e4nde einhalten etc.) der G\u00e4ste.<\/p>\n<p><a href=\"https:\/\/airtimers.com\/blog\/wp-content\/uploads\/2020\/06\/Desinfektionsstunde-scaled.jpg\"><img loading=\"lazy\" decoding=\"async\" src=\"https:\/\/airtimers.com\/blog\/wp-content\/uploads\/2020\/06\/Desinfektionsstunde-768x1024.jpg\" alt=\"\" width=\"768\" height=\"1024\" class=\"aligncenter size-large wp-image-41279 colorbox-41272\" srcset=\"https:\/\/airtimers.com\/blog\/wp-content\/uploads\/2020\/06\/Desinfektionsstunde-768x1024.jpg 768w, https:\/\/airtimers.com\/blog\/wp-content\/uploads\/2020\/06\/Desinfektionsstunde-225x300.jpg 225w, https:\/\/airtimers.com\/blog\/wp-content\/uploads\/2020\/06\/Desinfektionsstunde-1152x1536.jpg 1152w, https:\/\/airtimers.com\/blog\/wp-content\/uploads\/2020\/06\/Desinfektionsstunde-1536x2048.jpg 1536w, https:\/\/airtimers.com\/blog\/wp-content\/uploads\/2020\/06\/Desinfektionsstunde-810x1080.jpg 810w, https:\/\/airtimers.com\/blog\/wp-content\/uploads\/2020\/06\/Desinfektionsstunde-1140x1520.jpg 1140w, https:\/\/airtimers.com\/blog\/wp-content\/uploads\/2020\/06\/Desinfektionsstunde-600x800.jpg 600w, https:\/\/airtimers.com\/blog\/wp-content\/uploads\/2020\/06\/Desinfektionsstunde-scaled.jpg 1920w\" sizes=\"auto, (max-width: 768px) 100vw, 768px\" \/><\/a><\/p>\n<p><strong><span style=\"color: #127baa;\"> Was k\u00f6nnte man eurer Meinung nach verbessern?<\/span><\/strong><\/p>\n<p>Ein paar mehr Desinfektionsspender \u2013 und diese auch sichtbarer platziert \u2013 w\u00e4ren sicherlich nicht verkehrt.<\/p>\n<p><strong><span style=\"color: #127baa;\">Wie war die Stimmung\/Atmosph\u00e4re im Park allgemein?<\/span><\/strong><\/p>\n<p>Es war extrem wenig los. Beinahe zu wenig, um wirklich Stimmung aufkommen zu lassen. Bisweilen wirkten einzelne Bereiche wie eine Geisterstadt, in die sich nur einzelne G\u00e4ste verlaufen haben. Das Fehlen von Musik in einigen Wartebereichen unterstrich die gespenstische Atmosph\u00e4re.<br \/>\nWir mussten an keiner einzigen Attraktion warten (selbst beim \u201eKapazit\u00e4tsungeheuer\u201c Huracanito nicht!) und konnten in den meisten F\u00e4llen auch f\u00fcr mehrere Runden sitzen bleiben.<\/p>\n<p>Mein letzter Besuch ist 9 Jahre her und nicht unbedingt sehr positiv in Erinnerung geblieben \u2013 heute aber gibt es kaum etwas zu bem\u00e4ngeln. Auff\u00e4llig sind heute vor allem die entspannten und \u00fcberaus freundlichen Mitarbeiter.<\/p>\n<p>Vielen Dank f\u00fcr das Teilen eurer Erlebnisse!<br \/>\nCopyright Pictures Michael Klein\n<fb:like href='https:\/\/airtimers.com\/en\/belantis-corona-erfahrungsbericht\/0041272\/' send='false' layout='standard' show_faces='true' width='450' height='65' action='like' colorscheme='light' font='lucida grande'><\/fb:like>","protected":false},"excerpt":{"rendered":"<p>Sorry, this entry is only available in Deutsch. For the sake of viewer convenience, the content is shown below in the alternative language. You may click the link to switch the active language.Einige Freizeitparks in Deutschland, \u00d6sterreich und den Niederlanden haben bereits wieder ge\u00f6ffnet. Bereits ver\u00f6ffentlichte Erfahrungsberichte: Ein Besuch in Efteling in der Corona-Zeit \u2013 [&hellip;]<\/p>\n","protected":false},"author":11,"featured_media":41285,"comment_status":"open","ping_status":"closed","sticky":false,"template":"","format":"standard","meta":{"footnotes":""},"categories":[3],"tags":[206,1747,1777],"class_list":["post-41272","post","type-post","status-publish","format-standard","has-post-thumbnail","hentry","category-freizeitparks","tag-belantis","tag-corona","tag-covid19"],"_links":{"self":[{"href":"https:\/\/airtimers.com\/en\/wp-json\/wp\/v2\/posts\/41272","targetHints":{"allow":["GET"]}}],"collection":[{"href":"https:\/\/airtimers.com\/en\/wp-json\/wp\/v2\/posts"}],"about":[{"href":"https:\/\/airtimers.com\/en\/wp-json\/wp\/v2\/types\/post"}],"author":[{"embeddable":true,"href":"https:\/\/airtimers.com\/en\/wp-json\/wp\/v2\/users\/11"}],"replies":[{"embeddable":true,"href":"https:\/\/airtimers.com\/en\/wp-json\/wp\/v2\/comments?post=41272"}],"version-history":[{"count":0,"href":"https:\/\/airtimers.com\/en\/wp-json\/wp\/v2\/posts\/41272\/revisions"}],"wp:featuredmedia":[{"embeddable":true,"href":"https:\/\/airtimers.com\/en\/wp-json\/wp\/v2\/media\/41285"}],"wp:attachment":[{"href":"https:\/\/airtimers.com\/en\/wp-json\/wp\/v2\/media?parent=41272"}],"wp:term":[{"taxonomy":"category","embeddable":true,"href":"https:\/\/airtimers.com\/en\/wp-json\/wp\/v2\/categories?post=41272"},{"taxonomy":"post_tag","embeddable":true,"href":"https:\/\/airtimers.com\/en\/wp-json\/wp\/v2\/tags?post=41272"}],"curies":[{"name":"wp","href":"https:\/\/api.w.org\/{rel}","templated":true}]}}