{"id":41812,"date":"2020-08-12T14:15:37","date_gmt":"2020-08-12T12:15:37","guid":{"rendered":"https:\/\/airtimers.com\/?p=41812"},"modified":"2020-08-12T14:15:40","modified_gmt":"2020-08-12T12:15:40","slug":"ein-besuch-in-bellewaerde-in-der-corona-zeit-erfahrungsbericht-juli-2020","status":"publish","type":"post","link":"https:\/\/airtimers.com\/en\/ein-besuch-in-bellewaerde-in-der-corona-zeit-erfahrungsbericht-juli-2020\/0041812\/","title":{"rendered":"Ein Besuch in Bellewaerde in der Corona-Zeit \u2013 Erfahrungsbericht Juli 2020"},"content":{"rendered":"<p class=\"qtranxs-available-languages-message qtranxs-available-languages-message-en\">Sorry, this entry is only available in <a href=\"https:\/\/airtimers.com\/de\/wp-json\/wp\/v2\/posts\/41812\" class=\"qtranxs-available-language-link qtranxs-available-language-link-de\" title=\"Deutsch\">Deutsch<\/a>. For the sake of viewer convenience, the content is shown below in the alternative language. You may click the link to switch the active language.<\/p>Die meisten Freizeitparks in Deutschland, \u00d6sterreich, Belgien und den Niederlanden haben bereits wieder ge\u00f6ffnet.<br \/>\nBereits ver\u00f6ffentlichte Erfahrungsberichte:<br \/>\n<strong>Stand Mai 2020:<\/strong><br \/>\n<strong><a href=\"https:\/\/airtimers.com\/efteling-corona\/0040809\/\" title=\"Ein Besuch in Efteling in der Corona-Zeit \u2013 Erfahrungsbericht\">Ein Besuch in Efteling in der Corona-Zeit \u2013 Erfahrungsbericht<\/a><br \/>\n<a href=\"https:\/\/airtimers.com\/ein-besuch-im-toverland-in-der-corona-zeit-erfahrungsbericht\/0040875\/\" title=\"Ein Besuch im Toverland in der Corona-Zeit \u2013 Erfahrungsbericht\">Ein Besuch im Toverland in der Corona-Zeit \u2013 Erfahrungsbericht<\/a><br \/>\n<a href=\"https:\/\/airtimers.com\/ein-besuch-im-phantasialand-in-der-corona-zeit-erfahrungsbericht\/0040961\/\" title=\"Ein Besuch im Phantasialand in der Corona-Zeit \u2013 Erfahrungsbericht\">Ein Besuch im Phantasialand in der Corona-Zeit \u2013 Erfahrungsbericht<\/a><br \/>\n<\/strong><br \/>\n<strong>Stand Juni 2020: <\/strong><br \/>\n<strong><br \/>\n<a href=\"https:\/\/airtimers.com\/wien-prater-corona-erfahrungsbericht\/0040989\/\" title=\"Ein Besuch im Wiener Prater in der Corona-Zeit \u2013 Erfahrungsbericht\">Ein Besuch im Wiener Prater in der Corona-Zeit \u2013 Erfahrungsbericht<\/a><br \/>\n<a href=\"https:\/\/airtimers.com\/ein-besuch-im-heide-park-in-der-corona-zeit-erfahrungsbericht\/0041029\/\" title=\"Ein Besuch im Heide Park in der Corona-Zeit \u2013 Erfahrungsbericht\">Ein Besuch im Heide Park in der Corona-Zeit \u2013 Erfahrungsbericht<\/a><br \/>\n<a href=\"https:\/\/airtimers.com\/europa-park-corona-erfahrungsbericht\/0041079\/\" title=\"Ein Besuch im Europa-Park in der Corona-Zeit \u2013 Erfahrungsbericht\">Ein Besuch im Europa-Park in der Corona-Zeit \u2013 Erfahrungsbericht<\/a><br \/>\n<a href=\"https:\/\/airtimers.com\/ein-besuch-im-kernies-familienpark-in-der-corona-zeit-erfahrungsbericht\/0041095\/\" title=\"Ein Besuch im Kernies Familienpark in der Corona-Zeit \u2013 Erfahrungsbericht\">Ein Besuch im Kernie Familienpark in der Corona-Zeit \u2013 Erfahrungsbericht<\/a><br \/>\n<a href=\"https:\/\/airtimers.com\/belantis-corona-erfahrungsbericht\/0041272\/\" title=\"Ein Besuch in Belantis in der Corona-Zeit \u2013 Erfahrungsbericht Juni 2020\">Ein Besuch in Belantis in der Corona-Zeit \u2013 Erfahrungsbericht Juni 2020<\/a><\/strong><\/p>\n<p><strong>Stand Juli 2020:<\/strong><br \/>\n<strong><a href=\"https:\/\/airtimers.com\/ein-besuch-im-miniatur-wunderland-in-der-corona-zeit-erfahrungsbericht-neue-kirmes\/0041696\/\" title=\"Ein Besuch im Miniatur Wunderland in der Corona-Zeit \u2013 Erfahrungsbericht + neue Kirmes\">Ein Besuch im Miniatur Wunderland in der Corona-Zeit \u2013 Erfahrungsbericht + neue Kirmes<\/a><br \/>\n<a href=\"https:\/\/airtimers.com\/ein-besuch-im-bobbejaanland-in-der-corona-zeit-erfahrungsbericht-juli-2020\/0041750\/\" title=\"Ein Besuch im Bobbejaanland in der Corona-Zeit \u2013 Erfahrungsbericht Juli 2020\">Ein Besuch im Bobbejaanland in der Corona-Zeit \u2013 Erfahrungsbericht Juli 2020<\/a><\/strong><\/p>\n<p>Heute haben wir einen Erfahrungsbericht aus Bellewaerde in Belgien mitgebracht. Ich war vor etwa einer Woche dort und berichte von meinen Erfahrungen.<\/p>\n<div id=\"attachment_41819\" style=\"width: 820px\" class=\"wp-caption aligncenter\"><a href=\"https:\/\/airtimers.com\/blog\/wp-content\/uploads\/2020\/08\/IMG_20200731_095337-scaled.jpg\"><img loading=\"lazy\" decoding=\"async\" aria-describedby=\"caption-attachment-41819\" src=\"https:\/\/airtimers.com\/blog\/wp-content\/uploads\/2020\/08\/IMG_20200731_095337-1024x512.jpg\" alt=\"\" width=\"810\" height=\"405\" class=\"size-large wp-image-41819 colorbox-41812\" srcset=\"https:\/\/airtimers.com\/blog\/wp-content\/uploads\/2020\/08\/IMG_20200731_095337-1024x512.jpg 1024w, https:\/\/airtimers.com\/blog\/wp-content\/uploads\/2020\/08\/IMG_20200731_095337-300x150.jpg 300w, https:\/\/airtimers.com\/blog\/wp-content\/uploads\/2020\/08\/IMG_20200731_095337-768x384.jpg 768w, https:\/\/airtimers.com\/blog\/wp-content\/uploads\/2020\/08\/IMG_20200731_095337-1536x768.jpg 1536w, https:\/\/airtimers.com\/blog\/wp-content\/uploads\/2020\/08\/IMG_20200731_095337-2048x1024.jpg 2048w, https:\/\/airtimers.com\/blog\/wp-content\/uploads\/2020\/08\/IMG_20200731_095337-810x405.jpg 810w, https:\/\/airtimers.com\/blog\/wp-content\/uploads\/2020\/08\/IMG_20200731_095337-1140x570.jpg 1140w, https:\/\/airtimers.com\/blog\/wp-content\/uploads\/2020\/08\/IMG_20200731_095337-600x300.jpg 600w\" sizes=\"auto, (max-width: 810px) 100vw, 810px\" \/><\/a><p id=\"caption-attachment-41819\" class=\"wp-caption-text\">Die Autos halten schon einmal genug Abstand<\/p><\/div>\n<p><strong><span style=\"color: #127baa;\">Wie verlief der Kauf eines Tickets und die Buchung einer Reservierung?<br \/>\n<\/span><\/strong><br \/>\nWie bei den meisten Parks, muss man auch in Bellewaerde seine Tickets im vorhinein online buchen. Wenn man Gutscheine hat, muss man diese gegen ein Tag genaues Ticket tauschen lassen. Auch das geht online. <\/p>\n<p><strong><span style=\"color: #127baa;\">Wie war das Prozedere am Haupteingang?<\/span><\/strong><\/p>\n<p>Erst einmal bekommt hier jedes Auto seinen eigenen Platz zwischen zwei B\u00e4umen. Ich wei\u00df nicht ob das wegen der Corona-Ma\u00dfnahmen ist oder ob man hier immer so viel Platz bekommt.<br \/>\nVor dem Haupteingang wurde eine Warteschlange mit transportablen Z\u00e4unen und B\u00e4ndern erstellt.<br \/>\nBevor man dann zu den Scannern kam, erkl\u00e4rt ein Mitarbeiter jedem, dass aktuell im gesamten Park der Mund-Nasen-Schutz aufzusetzen ist. Ansonsten scannt man wie gewohnt sein Ticket und schon ist man im Park. <\/p>\n<div id=\"attachment_41810\" style=\"width: 522px\" class=\"wp-caption aligncenter\"><a href=\"https:\/\/airtimers.com\/blog\/wp-content\/uploads\/2020\/08\/IMG_20200731_095622-scaled.jpg\"><img loading=\"lazy\" decoding=\"async\" aria-describedby=\"caption-attachment-41810\" src=\"https:\/\/airtimers.com\/blog\/wp-content\/uploads\/2020\/08\/IMG_20200731_095622-512x1024.jpg\" alt=\"\" width=\"512\" height=\"1024\" class=\"size-large wp-image-41810 colorbox-41812\" srcset=\"https:\/\/airtimers.com\/blog\/wp-content\/uploads\/2020\/08\/IMG_20200731_095622-512x1024.jpg 512w, https:\/\/airtimers.com\/blog\/wp-content\/uploads\/2020\/08\/IMG_20200731_095622-150x300.jpg 150w, https:\/\/airtimers.com\/blog\/wp-content\/uploads\/2020\/08\/IMG_20200731_095622-768x1536.jpg 768w, https:\/\/airtimers.com\/blog\/wp-content\/uploads\/2020\/08\/IMG_20200731_095622-1024x2048.jpg 1024w, https:\/\/airtimers.com\/blog\/wp-content\/uploads\/2020\/08\/IMG_20200731_095622-810x1620.jpg 810w, https:\/\/airtimers.com\/blog\/wp-content\/uploads\/2020\/08\/IMG_20200731_095622-1140x2280.jpg 1140w, https:\/\/airtimers.com\/blog\/wp-content\/uploads\/2020\/08\/IMG_20200731_095622-600x1200.jpg 600w, https:\/\/airtimers.com\/blog\/wp-content\/uploads\/2020\/08\/IMG_20200731_095622-scaled.jpg 1280w\" sizes=\"auto, (max-width: 512px) 100vw, 512px\" \/><\/a><p id=\"caption-attachment-41810\" class=\"wp-caption-text\">Der Eingangsbereich<\/p><\/div>\n<p><strong><span style=\"color: #127baa;\">Wo im Park musste man den Mund- und Nasenschutz aufsetzen?<\/span><\/strong><br \/>\nIn Belgien gibt es seit letzter Woche strengere Regeln zum Tragen des Mund- und Nasenschutzes. Dieser muss im gesamten Park zu jeder Zeit getragen werden, mit wenigen Ausnahmen.<br \/>\nSo darf man diesen nur absetzen, wenn man sich am Rand auf eine Bank oder \u00e4hnliches setzt und dort etwas trinken oder essen m\u00f6chte. Gleiches gilt f\u00fcr Restaurants oder Snack-St\u00e4nde. <\/p>\n<p><strong><span style=\"color: #127baa;\">Wie waren die Besuchermassen im Park?<\/span><\/strong><br \/>\nDa der Park wirklich riesig ist, verlaufen sich die Massen sehr gut. Ich w\u00fcrde sagen bei unserem Besuch (Ferien und 30 Grad mit Sonne) k\u00f6nnte der Park locker nochmal die doppelte Menge an Besuchern in den Park lassen, ehe es ein F\u00fclle Gef\u00fchl gegeben h\u00e4tte.<br \/>\nWie schon im Plopsaland de Panne hat man hier die Wege unterteilt wie im Stra\u00dfenverkehr. Mit einer gestrichelten Linie sowie Pfeilen, werden die Laufrichtungen f\u00fcr die einzelnen Besucher dargestellt.<\/p>\n<div id=\"attachment_41807\" style=\"width: 522px\" class=\"wp-caption aligncenter\"><a href=\"https:\/\/airtimers.com\/blog\/wp-content\/uploads\/2020\/08\/IMG_20200731_100534-scaled.jpg\"><img loading=\"lazy\" decoding=\"async\" aria-describedby=\"caption-attachment-41807\" src=\"https:\/\/airtimers.com\/blog\/wp-content\/uploads\/2020\/08\/IMG_20200731_100534-512x1024.jpg\" alt=\"\" width=\"512\" height=\"1024\" class=\"size-large wp-image-41807 colorbox-41812\" srcset=\"https:\/\/airtimers.com\/blog\/wp-content\/uploads\/2020\/08\/IMG_20200731_100534-512x1024.jpg 512w, https:\/\/airtimers.com\/blog\/wp-content\/uploads\/2020\/08\/IMG_20200731_100534-150x300.jpg 150w, https:\/\/airtimers.com\/blog\/wp-content\/uploads\/2020\/08\/IMG_20200731_100534-768x1536.jpg 768w, https:\/\/airtimers.com\/blog\/wp-content\/uploads\/2020\/08\/IMG_20200731_100534-1024x2048.jpg 1024w, https:\/\/airtimers.com\/blog\/wp-content\/uploads\/2020\/08\/IMG_20200731_100534-810x1620.jpg 810w, https:\/\/airtimers.com\/blog\/wp-content\/uploads\/2020\/08\/IMG_20200731_100534-1140x2280.jpg 1140w, https:\/\/airtimers.com\/blog\/wp-content\/uploads\/2020\/08\/IMG_20200731_100534-600x1200.jpg 600w, https:\/\/airtimers.com\/blog\/wp-content\/uploads\/2020\/08\/IMG_20200731_100534-scaled.jpg 1280w\" sizes=\"auto, (max-width: 512px) 100vw, 512px\" \/><\/a><p id=\"caption-attachment-41807\" class=\"wp-caption-text\">F\u00fcr wirklich jeden zu verstehen<\/p><\/div>\n<p><strong><span style=\"color: #127baa;\">Wie lief es in den Warteschlangen?<\/span><\/strong><br \/>\nWie bereits im Plopsaland waren auch in Bellewaerde die Besucher gr\u00f6\u00dftenteils vorbildlich und haben gen\u00fcgend Abstand gehalten. In Bellewaerde setzt man dabei auf die bekannten Linien. Da hier vermehrt jugendlicheres Publikum als im Plopsaland aufzufinden war, gab es ein paar Mal Besucher die sich nicht ganz an die Abst\u00e4nde gehalten haben. Allerdings waren die Mitarbeiter sehr aufmerksam. Aber wie gesagt, dies waren nur wenige Ausnahmen.<br \/>\nVor jeder Warteschlange gab es im \u00fcbrigen einen Spender mit Desinfektionsmittel. <\/p>\n<p><a href=\"https:\/\/airtimers.com\/blog\/wp-content\/uploads\/2020\/08\/IMG_20200731_105138-scaled.jpg\"><img loading=\"lazy\" decoding=\"async\" src=\"https:\/\/airtimers.com\/blog\/wp-content\/uploads\/2020\/08\/IMG_20200731_105138-512x1024.jpg\" alt=\"\" width=\"512\" height=\"1024\" class=\"aligncenter size-large wp-image-41815 colorbox-41812\" srcset=\"https:\/\/airtimers.com\/blog\/wp-content\/uploads\/2020\/08\/IMG_20200731_105138-512x1024.jpg 512w, https:\/\/airtimers.com\/blog\/wp-content\/uploads\/2020\/08\/IMG_20200731_105138-150x300.jpg 150w, https:\/\/airtimers.com\/blog\/wp-content\/uploads\/2020\/08\/IMG_20200731_105138-768x1536.jpg 768w, https:\/\/airtimers.com\/blog\/wp-content\/uploads\/2020\/08\/IMG_20200731_105138-1024x2048.jpg 1024w, https:\/\/airtimers.com\/blog\/wp-content\/uploads\/2020\/08\/IMG_20200731_105138-810x1620.jpg 810w, https:\/\/airtimers.com\/blog\/wp-content\/uploads\/2020\/08\/IMG_20200731_105138-1140x2280.jpg 1140w, https:\/\/airtimers.com\/blog\/wp-content\/uploads\/2020\/08\/IMG_20200731_105138-600x1200.jpg 600w, https:\/\/airtimers.com\/blog\/wp-content\/uploads\/2020\/08\/IMG_20200731_105138-scaled.jpg 1280w\" sizes=\"auto, (max-width: 512px) 100vw, 512px\" \/><\/a><\/p>\n<p><strong><span style=\"color: #127baa;\">Hab ich mich ausreichend gesch\u00fctzt gef\u00fchlt? Sind die Ma\u00dfnahmen ausreichend?<\/span><\/strong><\/p>\n<p>Ja absolut. Nat\u00fcrlich \u00e4rgern einen die paar Ausnahmen die sich nicht an die Regeln halten, aber das waren wirklich nur wenige Leute. Der Gro\u00dfteil hat sich an die Maskenpflicht im gesamten Park gehalten. Beim Rafting haben wir sogar einmal mitbekommen, dass eine gr\u00f6\u00dfere Gruppe jugendlicher nach der Fahrt &#8220;festgehalten&#8221; wurden, ehe Security und Aufseher kamen um die Gruppe noch einmal zu ermahnen, da diese keinen Abstand gehalten haben. <\/p>\n<div id=\"attachment_41816\" style=\"width: 522px\" class=\"wp-caption aligncenter\"><a href=\"https:\/\/airtimers.com\/blog\/wp-content\/uploads\/2020\/08\/IMG_20200731_105107-scaled.jpg\"><img loading=\"lazy\" decoding=\"async\" aria-describedby=\"caption-attachment-41816\" src=\"https:\/\/airtimers.com\/blog\/wp-content\/uploads\/2020\/08\/IMG_20200731_105107-512x1024.jpg\" alt=\"\" width=\"512\" height=\"1024\" class=\"size-large wp-image-41816 colorbox-41812\" srcset=\"https:\/\/airtimers.com\/blog\/wp-content\/uploads\/2020\/08\/IMG_20200731_105107-512x1024.jpg 512w, https:\/\/airtimers.com\/blog\/wp-content\/uploads\/2020\/08\/IMG_20200731_105107-150x300.jpg 150w, https:\/\/airtimers.com\/blog\/wp-content\/uploads\/2020\/08\/IMG_20200731_105107-768x1536.jpg 768w, https:\/\/airtimers.com\/blog\/wp-content\/uploads\/2020\/08\/IMG_20200731_105107-1024x2048.jpg 1024w, https:\/\/airtimers.com\/blog\/wp-content\/uploads\/2020\/08\/IMG_20200731_105107-810x1620.jpg 810w, https:\/\/airtimers.com\/blog\/wp-content\/uploads\/2020\/08\/IMG_20200731_105107-1140x2280.jpg 1140w, https:\/\/airtimers.com\/blog\/wp-content\/uploads\/2020\/08\/IMG_20200731_105107-600x1200.jpg 600w, https:\/\/airtimers.com\/blog\/wp-content\/uploads\/2020\/08\/IMG_20200731_105107-scaled.jpg 1280w\" sizes=\"auto, (max-width: 512px) 100vw, 512px\" \/><\/a><p id=\"caption-attachment-41816\" class=\"wp-caption-text\">Desinfektionsspender vor jeder Attraktion<\/p><\/div>\n<p><strong><span style=\"color: #127baa;\"> Was k\u00f6nnte man meiner Meinung nach verbessern?<\/span><\/strong><\/p>\n<p>Wir haben w\u00e4hrend unseres Besuch nicht bekommen, dass die Wagen der Attraktionen in Abst\u00e4nden desinfiziert wurden. Kann nat\u00fcrlich sein, dass wir nie zu diesem Zeitpunkt am richtigen Ort waren oder es wurde schlichtweg nicht gemacht. Dies k\u00f6nnte man noch einf\u00fchren.<br \/>\nAnsonsten macht der Park vieles richtig. <\/p>\n<p><strong><span style=\"color: #127baa;\">Wie war die Stimmung\/Atmosph\u00e4re im Park allgemein?<\/span><\/strong><\/p>\n<p>Stimmung war gut! Dadurch, dass das mein erster Besuch in Bellewaerde war kann ich wenig vergleiche ziehen. <\/p>\n<p><a href=\"https:\/\/airtimers.com\/blog\/wp-content\/uploads\/2020\/08\/IMG_20200731_095643-scaled.jpg\"><img loading=\"lazy\" decoding=\"async\" src=\"https:\/\/airtimers.com\/blog\/wp-content\/uploads\/2020\/08\/IMG_20200731_095643-512x1024.jpg\" alt=\"\" width=\"512\" height=\"1024\" class=\"aligncenter size-large wp-image-41808 colorbox-41812\" srcset=\"https:\/\/airtimers.com\/blog\/wp-content\/uploads\/2020\/08\/IMG_20200731_095643-512x1024.jpg 512w, https:\/\/airtimers.com\/blog\/wp-content\/uploads\/2020\/08\/IMG_20200731_095643-150x300.jpg 150w, https:\/\/airtimers.com\/blog\/wp-content\/uploads\/2020\/08\/IMG_20200731_095643-768x1536.jpg 768w, https:\/\/airtimers.com\/blog\/wp-content\/uploads\/2020\/08\/IMG_20200731_095643-1024x2048.jpg 1024w, https:\/\/airtimers.com\/blog\/wp-content\/uploads\/2020\/08\/IMG_20200731_095643-810x1620.jpg 810w, https:\/\/airtimers.com\/blog\/wp-content\/uploads\/2020\/08\/IMG_20200731_095643-1140x2280.jpg 1140w, https:\/\/airtimers.com\/blog\/wp-content\/uploads\/2020\/08\/IMG_20200731_095643-600x1200.jpg 600w, https:\/\/airtimers.com\/blog\/wp-content\/uploads\/2020\/08\/IMG_20200731_095643-scaled.jpg 1280w\" sizes=\"auto, (max-width: 512px) 100vw, 512px\" \/><\/a><\/p>\n<p><strong><span style=\"color: #127baa;\">Du warst auch bereits in anderen Parks w\u00e4hrend der aktuellen Situation. Siehst du starke Unterschiede im Verfahren? Wenn ja, was macht das Plopsaland de Panne besser?<\/span><\/strong><\/p>\n<p>Wie ich bereits in meinem Artikel zum Plopsaland gesagt habe, habe ich das Gef\u00fchl das es durch die Maskenpflicht im gesamten Park weniger Diskussion- und Verwirrungspotential bei den Besuchern gab. 95% der Besucher hielten sich an die Ma\u00dfnahmen. In Belgien hatte ich bislang &#8211; unerwartet &#8211; das beste Gef\u00fchl bei meinen Freizeitpark Besuchen. Auch die Wegbemalung k\u00f6nnten sich einige andere Parks abschauen. Optisch nicht st\u00f6rend aber sehr sinnvoll. <\/p>\n<p>Pictures: Copyright Airtimers.com\n<fb:like href='https:\/\/airtimers.com\/en\/ein-besuch-in-bellewaerde-in-der-corona-zeit-erfahrungsbericht-juli-2020\/0041812\/' send='false' layout='standard' show_faces='true' width='450' height='65' action='like' colorscheme='light' font='lucida grande'><\/fb:like>","protected":false},"excerpt":{"rendered":"<p>Sorry, this entry is only available in Deutsch. For the sake of viewer convenience, the content is shown below in the alternative language. You may click the link to switch the active language.Die meisten Freizeitparks in Deutschland, \u00d6sterreich, Belgien und den Niederlanden haben bereits wieder ge\u00f6ffnet. Bereits ver\u00f6ffentlichte Erfahrungsberichte: Stand Mai 2020: Ein Besuch in [&hellip;]<\/p>\n","protected":false},"author":10,"featured_media":41813,"comment_status":"open","ping_status":"closed","sticky":false,"template":"","format":"standard","meta":{"footnotes":""},"categories":[3],"tags":[720,1747],"class_list":["post-41812","post","type-post","status-publish","format-standard","has-post-thumbnail","hentry","category-freizeitparks","tag-bellewaerde","tag-corona"],"_links":{"self":[{"href":"https:\/\/airtimers.com\/en\/wp-json\/wp\/v2\/posts\/41812","targetHints":{"allow":["GET"]}}],"collection":[{"href":"https:\/\/airtimers.com\/en\/wp-json\/wp\/v2\/posts"}],"about":[{"href":"https:\/\/airtimers.com\/en\/wp-json\/wp\/v2\/types\/post"}],"author":[{"embeddable":true,"href":"https:\/\/airtimers.com\/en\/wp-json\/wp\/v2\/users\/10"}],"replies":[{"embeddable":true,"href":"https:\/\/airtimers.com\/en\/wp-json\/wp\/v2\/comments?post=41812"}],"version-history":[{"count":0,"href":"https:\/\/airtimers.com\/en\/wp-json\/wp\/v2\/posts\/41812\/revisions"}],"wp:featuredmedia":[{"embeddable":true,"href":"https:\/\/airtimers.com\/en\/wp-json\/wp\/v2\/media\/41813"}],"wp:attachment":[{"href":"https:\/\/airtimers.com\/en\/wp-json\/wp\/v2\/media?parent=41812"}],"wp:term":[{"taxonomy":"category","embeddable":true,"href":"https:\/\/airtimers.com\/en\/wp-json\/wp\/v2\/categories?post=41812"},{"taxonomy":"post_tag","embeddable":true,"href":"https:\/\/airtimers.com\/en\/wp-json\/wp\/v2\/tags?post=41812"}],"curies":[{"name":"wp","href":"https:\/\/api.w.org\/{rel}","templated":true}]}}