{"id":42101,"date":"2020-10-13T15:25:23","date_gmt":"2020-10-13T13:25:23","guid":{"rendered":"https:\/\/airtimers.com\/?p=42101"},"modified":"2020-10-13T15:37:19","modified_gmt":"2020-10-13T13:37:19","slug":"efteling-neuheit-2021-nest-ein-spielewald-fuer-die-juengsten","status":"publish","type":"post","link":"https:\/\/airtimers.com\/en\/efteling-neuheit-2021-nest-ein-spielewald-fuer-die-juengsten\/0042101\/","title":{"rendered":"Efteling Neuheit 2021 &#8211; Nest: Ein Spielewald f\u00fcr die J\u00fcngsten!"},"content":{"rendered":"<p class=\"qtranxs-available-languages-message qtranxs-available-languages-message-en\">Sorry, this entry is only available in <a href=\"https:\/\/airtimers.com\/de\/wp-json\/wp\/v2\/posts\/42101\" class=\"qtranxs-available-language-link qtranxs-available-language-link-de\" title=\"Deutsch\">Deutsch<\/a>. For the sake of viewer convenience, the content is shown below in the alternative language. You may click the link to switch the active language.<\/p>Der niederl\u00e4ndische Freizeitpark hat heute seine Neuheit f\u00fcr die kommende Saison bekannt gegeben. Nach den beiden Kinderachterbahnen Max &#038; Moritz in diesem Jahr, wird es n\u00e4chstes Jahr wieder etwas Neues f\u00fcr die kleinsten Besucher geben &#8211; der Spielewald Nest.<br \/>\nDas Besondere: Nest wird ein Spielewald f\u00fcr Kinder mit und ohne Behinderung und soll die kleinsten bereits auf auf die gro\u00dfen thrilligen Attraktionen von Efteling vorbereiten.<br \/>\nDie Bauarbeiten sollen im Januar 2021 starten und im Sommer beendet sein. Zu diesem Zeitpunkt m\u00f6chte der Park das neue Areal n\u00e4mlich er\u00f6ffnen.<br \/>\nGeplant ist die Attraktion zwischen der Wasserachterbahn &#8220;De vliegende Holl\u00e4nder&#8221; und der Spielegalerie &#8220;Game Gallerry&#8221;.<\/p>\n<div id=\"attachment_42105\" style=\"width: 820px\" class=\"wp-caption aligncenter\"><a href=\"https:\/\/airtimers.com\/blog\/wp-content\/uploads\/2020\/10\/Polka-Marina-Efteling.jpg\"><img loading=\"lazy\" decoding=\"async\" aria-describedby=\"caption-attachment-42105\" src=\"https:\/\/airtimers.com\/blog\/wp-content\/uploads\/2020\/10\/Polka-Marina-Efteling-1024x576.jpg\" alt=\"\" width=\"810\" height=\"456\" class=\"size-large wp-image-42105 colorbox-42101\" srcset=\"https:\/\/airtimers.com\/blog\/wp-content\/uploads\/2020\/10\/Polka-Marina-Efteling-1024x576.jpg 1024w, https:\/\/airtimers.com\/blog\/wp-content\/uploads\/2020\/10\/Polka-Marina-Efteling-300x169.jpg 300w, https:\/\/airtimers.com\/blog\/wp-content\/uploads\/2020\/10\/Polka-Marina-Efteling-768x432.jpg 768w, https:\/\/airtimers.com\/blog\/wp-content\/uploads\/2020\/10\/Polka-Marina-Efteling-1536x864.jpg 1536w, https:\/\/airtimers.com\/blog\/wp-content\/uploads\/2020\/10\/Polka-Marina-Efteling-810x456.jpg 810w, https:\/\/airtimers.com\/blog\/wp-content\/uploads\/2020\/10\/Polka-Marina-Efteling-1140x641.jpg 1140w, https:\/\/airtimers.com\/blog\/wp-content\/uploads\/2020\/10\/Polka-Marina-Efteling-600x338.jpg 600w, https:\/\/airtimers.com\/blog\/wp-content\/uploads\/2020\/10\/Polka-Marina-Efteling.jpg 1600w\" sizes=\"auto, (max-width: 810px) 100vw, 810px\" \/><\/a><p id=\"caption-attachment-42105\" class=\"wp-caption-text\">Polka Marina wird leider geschlossen!<\/p><\/div>\n<p>Doch auch eine traurige Nachricht ereilt uns in der Pressemitteilung. Das Rundfahrgesch\u00e4ft Polka Marina wird nach 36 Jahren geschlossen. Damit die jungen Besucher trotzdem etwas zu tun haben, w\u00e4hrend die gr\u00f6\u00dferen Geschwister Python, den fliegenden Holl\u00e4nder oder Joris en de Draak fahren, wird das Nest als Alternative erbaut.<br \/>\nDer Bereich wird rundherum f\u00fcr Rollstuhlfahrer zug\u00e4nglich sein, zudem wird es auch erh\u00f6hte Sandk\u00e4sten sowie eine Rollstuhlrutsche geben.<br \/>\nIn Efteling wird das Thema Inklusion gro\u00dfgeschrieben &#8211; bereits in der Vergangenheit hat man ein VR-Erlebnis zum Darkride Droomvlucht erschaffen.<br \/>\nEine kleine aber feine Neuheit f\u00fcr Efteling, welche sicher regen Zuspruch bei den G\u00e4sten bekommen wird. <\/p>\n<p><a href=\"https:\/\/airtimers.com\/blog\/wp-content\/uploads\/2020\/10\/Efteling-Neuheit-2021.jpg\"><img loading=\"lazy\" decoding=\"async\" src=\"https:\/\/airtimers.com\/blog\/wp-content\/uploads\/2020\/10\/Efteling-Neuheit-2021-1024x724.jpg\" alt=\"\" width=\"810\" height=\"573\" class=\"aligncenter size-large wp-image-42104 colorbox-42101\" srcset=\"https:\/\/airtimers.com\/blog\/wp-content\/uploads\/2020\/10\/Efteling-Neuheit-2021-1024x724.jpg 1024w, https:\/\/airtimers.com\/blog\/wp-content\/uploads\/2020\/10\/Efteling-Neuheit-2021-300x212.jpg 300w, https:\/\/airtimers.com\/blog\/wp-content\/uploads\/2020\/10\/Efteling-Neuheit-2021-768x543.jpg 768w, https:\/\/airtimers.com\/blog\/wp-content\/uploads\/2020\/10\/Efteling-Neuheit-2021-1536x1086.jpg 1536w, https:\/\/airtimers.com\/blog\/wp-content\/uploads\/2020\/10\/Efteling-Neuheit-2021-810x572.jpg 810w, https:\/\/airtimers.com\/blog\/wp-content\/uploads\/2020\/10\/Efteling-Neuheit-2021-1140x806.jpg 1140w, https:\/\/airtimers.com\/blog\/wp-content\/uploads\/2020\/10\/Efteling-Neuheit-2021-600x424.jpg 600w, https:\/\/airtimers.com\/blog\/wp-content\/uploads\/2020\/10\/Efteling-Neuheit-2021.jpg 1753w\" sizes=\"auto, (max-width: 810px) 100vw, 810px\" \/><\/a><\/p>\n<p>Pictures: Copyright Efteling\n<fb:like href='https:\/\/airtimers.com\/en\/efteling-neuheit-2021-nest-ein-spielewald-fuer-die-juengsten\/0042101\/' send='false' layout='standard' show_faces='true' width='450' height='65' action='like' colorscheme='light' font='lucida grande'><\/fb:like>","protected":false},"excerpt":{"rendered":"<p>Sorry, this entry is only available in Deutsch. For the sake of viewer convenience, the content is shown below in the alternative language. You may click the link to switch the active language.Der niederl\u00e4ndische Freizeitpark hat heute seine Neuheit f\u00fcr die kommende Saison bekannt gegeben. Nach den beiden Kinderachterbahnen Max &#038; Moritz in diesem Jahr, [&hellip;]<\/p>\n","protected":false},"author":10,"featured_media":42104,"comment_status":"open","ping_status":"closed","sticky":false,"template":"","format":"standard","meta":{"footnotes":""},"categories":[3],"tags":[1630,200,1813],"class_list":["post-42101","post","type-post","status-publish","format-standard","has-post-thumbnail","hentry","category-freizeitparks","tag-1630","tag-efteling","tag-nest"],"_links":{"self":[{"href":"https:\/\/airtimers.com\/en\/wp-json\/wp\/v2\/posts\/42101","targetHints":{"allow":["GET"]}}],"collection":[{"href":"https:\/\/airtimers.com\/en\/wp-json\/wp\/v2\/posts"}],"about":[{"href":"https:\/\/airtimers.com\/en\/wp-json\/wp\/v2\/types\/post"}],"author":[{"embeddable":true,"href":"https:\/\/airtimers.com\/en\/wp-json\/wp\/v2\/users\/10"}],"replies":[{"embeddable":true,"href":"https:\/\/airtimers.com\/en\/wp-json\/wp\/v2\/comments?post=42101"}],"version-history":[{"count":0,"href":"https:\/\/airtimers.com\/en\/wp-json\/wp\/v2\/posts\/42101\/revisions"}],"wp:featuredmedia":[{"embeddable":true,"href":"https:\/\/airtimers.com\/en\/wp-json\/wp\/v2\/media\/42104"}],"wp:attachment":[{"href":"https:\/\/airtimers.com\/en\/wp-json\/wp\/v2\/media?parent=42101"}],"wp:term":[{"taxonomy":"category","embeddable":true,"href":"https:\/\/airtimers.com\/en\/wp-json\/wp\/v2\/categories?post=42101"},{"taxonomy":"post_tag","embeddable":true,"href":"https:\/\/airtimers.com\/en\/wp-json\/wp\/v2\/tags?post=42101"}],"curies":[{"name":"wp","href":"https:\/\/api.w.org\/{rel}","templated":true}]}}