{"id":6912,"date":"2011-01-20T02:23:44","date_gmt":"2011-01-20T00:23:44","guid":{"rendered":"http:\/\/airtimers.com\/?p=6912"},"modified":"2011-09-28T09:04:16","modified_gmt":"2011-09-28T07:04:16","slug":"interview-groena-lund-twister-bla-taget","status":"publish","type":"post","link":"https:\/\/airtimers.com\/en\/interview-groena-lund-twister-bla-taget\/006912\/","title":{"rendered":"Das Interview rund um Gr\u00f6na Lunds Twister &amp; Bl\u00e5 T\u00e5get"},"content":{"rendered":"<p>Der neueste Zuwachs aus Gr\u00f6na Lund &#8220;Twister&#8221; sorgt f\u00fcr m\u00e4chtig Aufsehen. Und nur um Euer Ged\u00e4chtnis f\u00fcr dieses Interview ein bisschen aufzufrischen, nochmal kurz die wichtigsten Daten der &#8220;The Gravity Group&#8221; Holzachterbahn: 3g Maximale G-Kraft, 9 Airtimeh\u00fcgel, 61km\/h H\u00f6chstgeschwindigkeit, 15.25m H\u00f6he, 2 Timberliner Z\u00fcge mit jeweils 12 Sitzen und eine Gesaml\u00e4nge von 480m. Und das auf so knapp bemessenen Raum, dass selbst ein &#8220;Apple Coaster&#8221; kaum Platz h\u00e4tte. Diese Daten und der Hersteller &#8220;Gravity Group&#8221; sind normalerwei\u00dfe schon Garant f\u00fcr einen genialen Coaster und lassen alle unsere F\u00fchler in Richtung Schweden zeigen. Doch daneben darf man die Umthematisierung der &#8220;Bl\u00e5 T\u00e5get&#8221; Geisterbahn nicht aus den Augen verlieren, denn auch die verspricht einzigartig genial zu werden. Und genau zu diesem Anlass wollten wir einmal mit Peter Osbeck, dem Ride Manager von &#8220;Gr\u00f6na Lund&#8221; sprechen.<\/p>\n<div id=\"attachment_6933\" style=\"width: 485px\" class=\"wp-caption aligncenter\"><a href=\"https:\/\/airtimers.com\/interview-groena-lund-twister-bla-taget\/006912\/grona-lund-peter-osbeck\/\" rel=\"attachment wp-att-6933\"><img loading=\"lazy\" decoding=\"async\" aria-describedby=\"caption-attachment-6933\" src=\"https:\/\/airtimers.com\/blog\/wp-content\/uploads\/2011\/01\/Grona-Lund-Peter-Osbeck.jpg\" alt=\"\" width=\"475\" height=\"285\" class=\"size-full wp-image-6933 colorbox-6912\" srcset=\"https:\/\/airtimers.com\/blog\/wp-content\/uploads\/2011\/01\/Grona-Lund-Peter-Osbeck.jpg 475w, https:\/\/airtimers.com\/blog\/wp-content\/uploads\/2011\/01\/Grona-Lund-Peter-Osbeck-300x180.jpg 300w, https:\/\/airtimers.com\/blog\/wp-content\/uploads\/2011\/01\/Grona-Lund-Peter-Osbeck-170x102.jpg 170w\" sizes=\"auto, (max-width: 475px) 100vw, 475px\" \/><\/a><p id=\"caption-attachment-6933\" class=\"wp-caption-text\">Peter Osbeck - Ride Manager aus Gr\u00f6na Lund<\/p><\/div>\n<p><font color=\"#2970a6\"><strong>Airtimers: <\/strong>Wie lang arbeiten Sie schon als Ride-Manager und was sind ihre Aufgaben?<\/font><\/p>\n<p><strong>Peter Osbeck: <\/strong>Ich bin seit 1980 in Gr\u00f6na Lund besch\u00e4ftigt und habe 27 Jahre lang von der Pike auf gelernt was es hei\u00dft, Ride Manager zu sein. Daher kenne ich schon fast alle Gr\u00f6\u00dfen der Freizeitparkbranche, wie etwa Anton Schwarzkopf, Intamin, Vekoma, Gerstlauer, etc. Meine Aufgaben im Park erstrecken sich von der Sicherheit der Bahnen \u00fcber die technische Abteilung bis zur Entwicklung zuk\u00fcnftiger Attraktionen. <\/p>\n<p><font color=\"#2970a6\"><strong>Airtimers: <\/strong>Es gibt mit der Holzachterbahn Twister und der Neuthematisierung des Geisterbahn-Klassikers Bl\u00e5 T\u00e5get zwei Neuheiten in Gr\u00f6na Lund. Welche ist ihr Favourit?<\/font><\/p>\n<p><strong>Peter O.: <\/strong>Zum selber Fahren sicherlich \u201cTwister\u201d, von der Arbeit her aber ist Bl\u00e5 T\u00e5get viel interessanter. Da arbeiten wir n\u00e4mlich mit der italienischen Firma \u201eGosetto\u201c zusammen, haben mit ihr den Zug designend und machen das Theming hier in Schweden selbst.<\/p>\n<div id=\"attachment_6930\" style=\"width: 485px\" class=\"wp-caption aligncenter\"><a href=\"https:\/\/airtimers.com\/interview-groena-lund-twister-bla-taget\/006912\/grona-lund-bla-taget-01\/\" rel=\"attachment wp-att-6930\"><img loading=\"lazy\" decoding=\"async\" aria-describedby=\"caption-attachment-6930\" src=\"https:\/\/airtimers.com\/blog\/wp-content\/uploads\/2011\/01\/Grona-Lund-Bla-Taget-01.jpg\" alt=\"\" width=\"475\" height=\"285\" class=\"size-full wp-image-6930 colorbox-6912\" srcset=\"https:\/\/airtimers.com\/blog\/wp-content\/uploads\/2011\/01\/Grona-Lund-Bla-Taget-01.jpg 475w, https:\/\/airtimers.com\/blog\/wp-content\/uploads\/2011\/01\/Grona-Lund-Bla-Taget-01-300x180.jpg 300w, https:\/\/airtimers.com\/blog\/wp-content\/uploads\/2011\/01\/Grona-Lund-Bla-Taget-01-170x102.jpg 170w\" sizes=\"auto, (max-width: 475px) 100vw, 475px\" \/><\/a><p id=\"caption-attachment-6930\" class=\"wp-caption-text\">Das Theming von Bl\u00e5 T\u00e5get wird in Schweden selbst entwickelt<\/p><\/div>\n<p><font color=\"#2970a6\"><strong>Airtimers: <\/strong>Warum entschied man sich mit der 7.Bahn des Tivolis, Twister, abermals  zu einer Holzachterbahn? Die letzte wurde ja 1965 geschlossen?<\/font><\/p>\n<p><strong>Peter O.: <\/strong>Ich und der Besitzer Johan Tidstrand fahren allgemein sehr gerne viele Achterbahnen, und Herr Tidstrand wollte unbedingt eine Holzachterbahn. Damals habe ich ihm allerdings noch mitgeteilt, dass viel zu wenig Platz in Gr\u00f6na Lund sei. Wir haben jedoch schon so viele Hersteller und Achterbahntypen im Park, da hat uns eine Holzachterbahn einfach gefehlt. Und da sind wir eines Tages am Dach von Bl\u00e5 T\u00e5get gestanden und auf die Idee gekommen, dass Geb\u00e4ude abzurei\u00dfen um die fehlenden Meter durch das betonieren des Daches zu bekommen. Also ist die Umthematisierung der Geisterbahn nur eine Folge des neuen Coasters.<\/p>\n<p><font color=\"#2970a6\"><strong>Airtimers: <\/strong>Ist Twister in ihren Augen jetzt \u00fcberhaupt eine wahre klassische Holzachterbahn? Oder doch eher ein Hybrid wegen dem Stahlkonstrukt?<\/font><\/p>\n<p><strong>Peter O.: <\/strong>Seit 1920 gibt es bereits Holzachterbahnen mit Stahlkonstruktion, sowie Cyclone aus Coney Island, NY. Daher defintiv, ja, es ist eine Holzacherbahn. Mit dem geringen Platz w\u00e4re eine reine Holzkonstruktion leider nicht m\u00f6glich gewesen.<\/p>\n<div id=\"attachment_6937\" style=\"width: 485px\" class=\"wp-caption aligncenter\"><a href=\"https:\/\/airtimers.com\/interview-groena-lund-twister-bla-taget\/006912\/grona-lund-twister-04\/\" rel=\"attachment wp-att-6937\"><img loading=\"lazy\" decoding=\"async\" aria-describedby=\"caption-attachment-6937\" src=\"https:\/\/airtimers.com\/blog\/wp-content\/uploads\/2011\/01\/Grona-Lund-Twister-04.jpg\" alt=\"\" width=\"475\" height=\"285\" class=\"size-full wp-image-6937 colorbox-6912\" srcset=\"https:\/\/airtimers.com\/blog\/wp-content\/uploads\/2011\/01\/Grona-Lund-Twister-04.jpg 475w, https:\/\/airtimers.com\/blog\/wp-content\/uploads\/2011\/01\/Grona-Lund-Twister-04-300x180.jpg 300w, https:\/\/airtimers.com\/blog\/wp-content\/uploads\/2011\/01\/Grona-Lund-Twister-04-170x102.jpg 170w\" sizes=\"auto, (max-width: 475px) 100vw, 475px\" \/><\/a><p id=\"caption-attachment-6937\" class=\"wp-caption-text\">Trotz Stahlkonstrukt, Twister z\u00e4hlt f\u00fcr Peter als Holzachterbahn<\/p><\/div>\n<p><font color=\"#2970a6\"><strong>Airtimers: <\/strong>Wieso entschloss man sich bei der schwierigen Aufgabe, eine Holzachterbahn auf so kleinem Platz zu bauen, f\u00fcr \u201eThe Gravity Goup\u201c?<\/font><\/p>\n<p><strong>Peter O.: <\/strong>Wir haben uns im Vorfeld sehr gut \u00fcber die Hersteller informiert und \u201eThe Gravity Group\u201c hat bereits mit The Voyage in Holiday World bewiesen, dass sie Spezialisten f\u00fcr schwierige F\u00e4lle sind. So ist bei Twister der Kurvenradius nur halb so gro\u00df wie bei einer normalen Holzachterbahn.<\/p>\n<p><font color=\"#2970a6\"><strong>Airtimers: <\/strong>Die Bahn wird ja insgesamt 9 Airtimeh\u00fcgel haben. Wollte man vllt. sogar Balder mit 11 schlagen, doch der Platz reichte nicht mehr aus? <\/font><\/p>\n<p><strong>Peter O.: <\/strong>Mein Ziel war es, soviel Airtime wie m\u00f6glich zu haben. Doch der Platz ist sehr eng und die M\u00f6glichkeiten sind beschr\u00e4nkt. Ich sage immer es ist der \u201eMost Twisted Twister in the World\u201c.<\/p>\n<div id=\"attachment_6936\" style=\"width: 485px\" class=\"wp-caption aligncenter\"><a href=\"https:\/\/airtimers.com\/interview-groena-lund-twister-bla-taget\/006912\/grona-lund-twister-03\/\" rel=\"attachment wp-att-6936\"><img loading=\"lazy\" decoding=\"async\" aria-describedby=\"caption-attachment-6936\" src=\"https:\/\/airtimers.com\/blog\/wp-content\/uploads\/2011\/01\/Grona-Lund-Twister-03.jpg\" alt=\"\" width=\"475\" height=\"285\" class=\"size-full wp-image-6936 colorbox-6912\" srcset=\"https:\/\/airtimers.com\/blog\/wp-content\/uploads\/2011\/01\/Grona-Lund-Twister-03.jpg 475w, https:\/\/airtimers.com\/blog\/wp-content\/uploads\/2011\/01\/Grona-Lund-Twister-03-300x180.jpg 300w, https:\/\/airtimers.com\/blog\/wp-content\/uploads\/2011\/01\/Grona-Lund-Twister-03-170x102.jpg 170w\" sizes=\"auto, (max-width: 475px) 100vw, 475px\" \/><\/a><p id=\"caption-attachment-6936\" class=\"wp-caption-text\">Twister kreutzt mehrmals Jetline und Kvasten, eine berechnerische Meisterleistung<\/p><\/div>\n<p><font color=\"#2970a6\"><strong>Airtimers: <\/strong>Die gesamte Streckenf\u00fchrung h\u00f6rt sich genial an. Die Bahn kreuzt sich 24 mal selber und dann noch 8 mal Jetline und 3 mal Kvasten. Bleibt da \u00fcberhaupt noch irgendwo Platz, dass da ein Zug durchpasst? <\/font><\/p>\n<p><strong>Peter O.: <\/strong>Wir haben die Lichtraumprofile von allen drei Achterbahnen mit einbeziehen m\u00fcssen und ohne das 3D Programm AutoCad w\u00e4re eine Berechnung unm\u00f6glich gewesen. Aber der Zug wird sicher Platz haben!<\/p>\n<p><font color=\"#2970a6\"><strong>Airtimers: <\/strong>Wir sind gespannt auf die neuen Z\u00fcge der Gravity Group, den \u201eTimberlinern\u201c. Diese Streckenf\u00fchrung mit 12 sitzigen Z\u00fcgen zu bew\u00e4ltigen klingt beinahe unm\u00f6glich?<\/font><\/p>\n<p><strong>Peter O.: <\/strong>Normale Z\u00fcge w\u00fcrden es definitiv nicht schaffen. Die Timberliner sind kurz und wendig, diese Eigenschaften machen sie perfekt f\u00fcr diese Aufgabe.<\/p>\n<p><font color=\"#2970a6\"><strong>Airtimers: <\/strong>Was f\u00fcr eine Thematisierung soll Twister haben? Gibt es eine Geschichte?<\/font><\/p>\n<p><strong>Peter O.: <\/strong>Twister liegt am Wasser und alles wird den Stil eines amerikanischen Boardwalks bekommen. Die Schilder, die Station und der Eingang werden uns in die goldene \u00c4ra der Filmgeschichte zur\u00fcckversetzen.<\/p>\n<div id=\"attachment_6934\" style=\"width: 485px\" class=\"wp-caption aligncenter\"><a href=\"https:\/\/airtimers.com\/interview-groena-lund-twister-bla-taget\/006912\/grona-lund-twister-01\/\" rel=\"attachment wp-att-6934\"><img loading=\"lazy\" decoding=\"async\" aria-describedby=\"caption-attachment-6934\" src=\"https:\/\/airtimers.com\/blog\/wp-content\/uploads\/2011\/01\/Grona-Lund-Twister-01.jpg\" alt=\"\" width=\"475\" height=\"285\" class=\"size-full wp-image-6934 colorbox-6912\" srcset=\"https:\/\/airtimers.com\/blog\/wp-content\/uploads\/2011\/01\/Grona-Lund-Twister-01.jpg 475w, https:\/\/airtimers.com\/blog\/wp-content\/uploads\/2011\/01\/Grona-Lund-Twister-01-300x180.jpg 300w, https:\/\/airtimers.com\/blog\/wp-content\/uploads\/2011\/01\/Grona-Lund-Twister-01-170x102.jpg 170w\" sizes=\"auto, (max-width: 475px) 100vw, 475px\" \/><\/a><p id=\"caption-attachment-6934\" class=\"wp-caption-text\">Perfekt gelegen am Wasser, soll Twister pr\u00e4destiniert f\u00fcr eine Broadway Themaisierung sein<\/p><\/div>\n<p><font color=\"#2970a6\"><strong>Airtimers: <\/strong>Inwiefern \u00e4ndert man die Geisterbahn Bl\u00e5 T\u00e5get? Was hat man hier vor?<\/font><\/p>\n<p><strong>Peter O.: <\/strong>Es ist das dritte Mal dass Stockholm einen umthematisierten Bl\u00e5 T\u00e5get sehen wird. F\u00fcr alle die es nicht wissen: Bl\u00e5 T\u00e5get hei\u00dft auf Deutsch Blauer Zug und es gibt neue Z\u00fcge und neues Theming, aber Alles bleibt im alten Stil. Es bleibt eine klassische Geisterbahn mit interessanten \u00dcberraschungen und modernen Effekten. <\/p>\n<p><font color=\"#2970a6\"><strong>Airtimers: <\/strong>Viele Requisiten der alten Bahn werden ja nicht mehr ben\u00f6tigt. Kann man diese aufkaufen oder schmei\u00dfen sie die weg?<\/font><\/p>\n<p><strong>Peter O.: <\/strong>Weder noch. Die Requisiten werden f\u00fcr unsere anderen Parks in Schweden aufgehoben, also kann es vorkommen, dass manches in unseren Tochterparks gesichtet wird.<\/p>\n<div id=\"attachment_6931\" style=\"width: 485px\" class=\"wp-caption aligncenter\"><a href=\"https:\/\/airtimers.com\/interview-groena-lund-twister-bla-taget\/006912\/grona-lund-bla-taget-02\/\" rel=\"attachment wp-att-6931\"><img loading=\"lazy\" decoding=\"async\" aria-describedby=\"caption-attachment-6931\" src=\"https:\/\/airtimers.com\/blog\/wp-content\/uploads\/2011\/01\/Grona-Lund-Bla-Taget-02.jpg\" alt=\"\" width=\"475\" height=\"285\" class=\"size-full wp-image-6931 colorbox-6912\" srcset=\"https:\/\/airtimers.com\/blog\/wp-content\/uploads\/2011\/01\/Grona-Lund-Bla-Taget-02.jpg 475w, https:\/\/airtimers.com\/blog\/wp-content\/uploads\/2011\/01\/Grona-Lund-Bla-Taget-02-300x180.jpg 300w, https:\/\/airtimers.com\/blog\/wp-content\/uploads\/2011\/01\/Grona-Lund-Bla-Taget-02-170x102.jpg 170w\" sizes=\"auto, (max-width: 475px) 100vw, 475px\" \/><\/a><p id=\"caption-attachment-6931\" class=\"wp-caption-text\">Der Geisterbahnklassiker wurde bereits zum 3. mal umthematisiert<\/p><\/div>\n<p>Wir danken Peter Osbeck noch einmal recht herzlich f\u00fcr das Interview, und w\u00fcnschen ihm und seinen Team eine reibungslose Er\u00f6ffnung und dass bis dahin nichts mehr schief l\u00e4uft. Die zwei Neuerungen werden aber auf jeden Fall, egal wann sie er\u00f6ffnen, sicherlich eine Klasse f\u00fcr sich sein, wie fast alles in einem der sch\u00f6nsten Tivolis der Welt. <\/p>\n<p>(c) Bilder Gr\u00f6na Lund, The Gravity Group<\/p>\n<fb:like href='https:\/\/airtimers.com\/en\/interview-groena-lund-twister-bla-taget\/006912\/' send='false' layout='standard' show_faces='true' width='450' height='65' action='like' colorscheme='light' font='lucida grande'><\/fb:like>","protected":false},"excerpt":{"rendered":"<p>Der neueste Zuwachs aus Gr\u00f6na Lund &#8220;Twister&#8221; sorgt f\u00fcr m\u00e4chtig Aufsehen. Und nur um Euer Ged\u00e4chtnis f\u00fcr dieses Interview ein bisschen aufzufrischen, nochmal kurz die wichtigsten Daten der &#8220;The Gravity Group&#8221; Holzachterbahn: 3g Maximale G-Kraft, 9 Airtimeh\u00fcgel, 61km\/h H\u00f6chstgeschwindigkeit, 15.25m H\u00f6he, 2 Timberliner Z\u00fcge mit jeweils 12 Sitzen und eine Gesaml\u00e4nge von 480m. Und das [&hellip;]<\/p>\n","protected":false},"author":7,"featured_media":6934,"comment_status":"open","ping_status":"closed","sticky":false,"template":"","format":"standard","meta":{"footnotes":""},"categories":[296],"tags":[273,274],"class_list":["post-6912","post","type-post","status-publish","format-standard","has-post-thumbnail","hentry","category-interviews","tag-grona-lund","tag-twister"],"_links":{"self":[{"href":"https:\/\/airtimers.com\/en\/wp-json\/wp\/v2\/posts\/6912","targetHints":{"allow":["GET"]}}],"collection":[{"href":"https:\/\/airtimers.com\/en\/wp-json\/wp\/v2\/posts"}],"about":[{"href":"https:\/\/airtimers.com\/en\/wp-json\/wp\/v2\/types\/post"}],"author":[{"embeddable":true,"href":"https:\/\/airtimers.com\/en\/wp-json\/wp\/v2\/users\/7"}],"replies":[{"embeddable":true,"href":"https:\/\/airtimers.com\/en\/wp-json\/wp\/v2\/comments?post=6912"}],"version-history":[{"count":0,"href":"https:\/\/airtimers.com\/en\/wp-json\/wp\/v2\/posts\/6912\/revisions"}],"wp:featuredmedia":[{"embeddable":true,"href":"https:\/\/airtimers.com\/en\/wp-json\/wp\/v2\/media\/6934"}],"wp:attachment":[{"href":"https:\/\/airtimers.com\/en\/wp-json\/wp\/v2\/media?parent=6912"}],"wp:term":[{"taxonomy":"category","embeddable":true,"href":"https:\/\/airtimers.com\/en\/wp-json\/wp\/v2\/categories?post=6912"},{"taxonomy":"post_tag","embeddable":true,"href":"https:\/\/airtimers.com\/en\/wp-json\/wp\/v2\/tags?post=6912"}],"curies":[{"name":"wp","href":"https:\/\/api.w.org\/{rel}","templated":true}]}}